{"id":5601,"date":"2026-04-20T06:50:55","date_gmt":"2026-04-20T09:50:55","guid":{"rendered":"https:\/\/barrasolar.eco.br\/blog\/?p=5601"},"modified":"2026-04-21T12:56:28","modified_gmt":"2026-04-21T15:56:28","slug":"aumento-energia-eletrica-brasil-rio-2026","status":"publish","type":"post","link":"https:\/\/barrasolar.eco.br\/blog\/aumento-energia-eletrica-brasil-rio-2026\/","title":{"rendered":"Aumento Energia El\u00e9trica no Brasil: O Que Mudou em 2026?"},"content":{"rendered":"\t\t<div data-elementor-type=\"wp-post\" data-elementor-id=\"5601\" class=\"elementor elementor-5601\" data-elementor-settings=\"{&quot;ha_cmc_init_switcher&quot;:&quot;no&quot;}\" data-elementor-post-type=\"post\">\n\t\t\t\t<div class=\"elementor-element elementor-element-2ea6c4aa e-flex e-con-boxed wpr-particle-no wpr-jarallax-no wpr-parallax-no wpr-sticky-section-no wpr-equal-height-no e-con e-parent\" data-id=\"2ea6c4aa\" data-element_type=\"container\" data-e-type=\"container\" data-settings=\"{&quot;_ha_eqh_enable&quot;:false}\">\n\t\t\t\t\t<div class=\"e-con-inner\">\n\t\t\t\t<div class=\"elementor-element elementor-element-686c472e elementor-widget elementor-widget-text-editor\" data-id=\"686c472e\" data-element_type=\"widget\" data-e-type=\"widget\" data-widget_type=\"text-editor.default\">\n\t\t\t\t<div class=\"elementor-widget-container\">\n\t\t\t\t\t\t\t\t\t\n<p>O <strong>aumento energia el\u00e9trica<\/strong> voltou ao centro das preocupa\u00e7\u00f5es de fam\u00edlias e empresas em 2026. Em v\u00e1rias regi\u00f5es do pa\u00eds, os reajustes ficaram acima da infla\u00e7\u00e3o prevista. Al\u00e9m disso, no estado do Rio de Janeiro, as novas tarifas homologadas em mar\u00e7o j\u00e1 impactam diretamente o or\u00e7amento dos consumidores. Por isso, buscar alternativas para economizar se tornou ainda mais importante.<\/p>\n\n<p>Ao longo do ano, os reajustes tarif\u00e1rios seguem o calend\u00e1rio regulat\u00f3rio de cada distribuidora. No entanto, encargos setoriais, compra de energia, custos de transmiss\u00e3o e tributos continuam pressionando as contas de luz em todo o Brasil. Assim, o consumidor sente aumentos frequentes mesmo sem elevar o consumo. <a href=\"https:\/\/firjan.com.br\/noticias\/reajustes-tarifarios-da-light-e-enel-rj_marco-2026.htm\" target=\"_blank\" rel=\"noopener\">(Firjan)<\/a><\/p>\n\n<h5 class=\"wp-block-heading\">\u00a0<\/h5>\n<h5 class=\"wp-block-heading\">Aumento Energia El\u00e9trica no Rio de Janeiro em Mar\u00e7o de 2026<\/h5>\n\n<p>Em mar\u00e7o de 2026, a Ag\u00eancia Nacional de Energia El\u00e9trica aprovou reajustes importantes para duas grandes concession\u00e1rias do Rio de Janeiro: Light e Enel Rio. As novas tarifas passaram a valer em 15 de mar\u00e7o. Portanto, contas emitidas ap\u00f3s essa data j\u00e1 refletem os novos \u00edndices.\u00a0<\/p>\n\n<h5 class=\"wp-block-heading\">\u00a0<\/h5>\n<h5 class=\"wp-block-heading\">Light: reajuste homologado<\/h5>\n\n<p>Para clientes da Light, o efeito m\u00e9dio aprovado foi de <strong>8,59%<\/strong>. J\u00e1 para consumidores residenciais, o aumento m\u00e9dio ficou em <strong>6,40%<\/strong>. Isso afeta milh\u00f5es de unidades consumidoras em dezenas de munic\u00edpios fluminenses. (<a href=\"https:\/\/www.gov.br\/aneel\/pt-br\/assuntos\/noticias\/2026\/aprovado-o-reajuste-tarifario-anual-da-light?utm_source=chatgpt.com\" target=\"_blank\" rel=\"noopener\">Servi\u00e7os e Informa\u00e7\u00f5es do Brasil<\/a>)<\/p>\n\n<h5 class=\"wp-block-heading\">\u00a0<\/h5>\n<h5 class=\"wp-block-heading\">Enel Rio: reajuste homologado<\/h5>\n\n<p>Para clientes da Enel Rio, o efeito m\u00e9dio aprovado foi de <strong>15,46%<\/strong>. No segmento residencial, o reajuste ficou em <strong>14,07%<\/strong>. Ou seja, em muitas cidades atendidas pela distribuidora, o impacto foi ainda mais forte.<\/p>\n\n<h5 class=\"wp-block-heading\">\u00a0<\/h5>\n<h5 class=\"wp-block-heading\">Aumento Energia El\u00e9trica e Impacto no Bolso<\/h5>\n\n<p>Quando a tarifa sobe, o efeito aparece rapidamente no or\u00e7amento dom\u00e9stico e empresarial. Al\u00e9m da conta mensal maior, com\u00e9rcios e ind\u00fastrias enfrentam aumento no custo operacional. Como resultado, muitos neg\u00f3cios precisam reajustar pre\u00e7os ou reduzir margens.<\/p>\n\n<p>Nas resid\u00eancias, o cen\u00e1rio tamb\u00e9m preocupa. Ar-condicionado, chuveiro el\u00e9trico, geladeiras e bombas de piscina pesam ainda mais quando a tarifa sobe. Dessa forma, controlar consumo ajuda, por\u00e9m gerar a pr\u00f3pria energia pode trazer vantagem superior.<\/p>\n\n<h5 class=\"wp-block-heading\">\u00a0<\/h5>\n<h5 class=\"wp-block-heading\">Como se Proteger do Aumento Energia El\u00e9trica<\/h5>\n\n<p>A energia solar se destaca como uma das melhores respostas ao avan\u00e7o tarif\u00e1rio. Enquanto a conta de luz sofre reajustes anuais, um sistema fotovoltaico permite previsibilidade e economia por muitos anos.<\/p>\n\n<p>Entre os principais benef\u00edcios, destacam-se:<\/p>\n\n<ul class=\"wp-block-list\">\n<li>Redu\u00e7\u00e3o da conta de luz<\/li>\n\n<li>Prote\u00e7\u00e3o contra novos reajustes<\/li>\n\n<li>Valoriza\u00e7\u00e3o do im\u00f3vel<\/li>\n\n<li>Retorno financeiro no m\u00e9dio prazo<\/li>\n\n<li>Energia limpa e sustent\u00e1vel<\/li>\n<\/ul>\n\n<p>Veja tamb\u00e9m nosso conte\u00fado interno: <strong>Quanto custa uma usina solar residencial em Barra do Pira\u00ed<\/strong>.<\/p>\n\n<p>Para acompanhar tarifas e normas oficiais, acesse o portal da ANEEL.<\/p>\n\n<h5 class=\"wp-block-heading\">\u00a0<\/h5>\n<h5 class=\"wp-block-heading\">Vale a Pena Investir em Energia Solar Agora?<\/h5>\n\n<p>Sim. Quanto antes o sistema entra em opera\u00e7\u00e3o, mais cedo a economia come\u00e7a. Al\u00e9m disso, diante dos reajustes recentes, cada m\u00eas sem gera\u00e7\u00e3o pr\u00f3pria representa depend\u00eancia maior da concession\u00e1ria.<\/p>\n\n<p>Em cidades do Sul Fluminense, como Barra do Pira\u00ed, Volta Redonda e regi\u00e3o, a energia solar ganhou for\u00e7a justamente por unir economia e seguran\u00e7a financeira.<\/p>\n\n<h5 class=\"wp-block-heading\">\u00a0<\/h5>\n<h5 class=\"wp-block-heading\">Solicite Seu Projeto com a Barra Solar<\/h5>\n\n<p>Se voc\u00ea quer se proteger do pr\u00f3ximo <strong>aumento energia el\u00e9trica<\/strong>, fale agora com a <strong>Barra Solar<\/strong>. Nossa equipe cria projetos personalizados para resid\u00eancias, com\u00e9rcios e empresas, sempre com foco em economia real e instala\u00e7\u00e3o segura. Solicite seu or\u00e7amento e descubra quanto voc\u00ea pode economizar j\u00e1 nos pr\u00f3ximos meses.<\/p>\n<p>\u00a0<\/p>\n\n<p><strong>Barra Solar<\/strong><br \/>\ud83d\udccd Rua Jos\u00e9 Alves Pimenta, 855 \u2013 Matadouro, Barra do Pira\u00ed \u2013 RJ<br \/>\ud83d\udcde <strong>WhatsApp: (24) 99228-0860<\/strong><\/p>\n\t\t\t\t\t\t\t\t<\/div>\n\t\t\t\t<\/div>\n\t\t\t\t\t<\/div>\n\t\t\t\t<\/div>\n\t\t\t\t<\/div>\n\t\t","protected":false},"excerpt":{"rendered":"<p>O aumento energia el\u00e9trica voltou ao centro das preocupa\u00e7\u00f5es de fam\u00edlias e empresas em 2026. Em v\u00e1rias regi\u00f5es do pa\u00eds, os reajustes ficaram acima da infla\u00e7\u00e3o prevista. Al\u00e9m disso, no estado do Rio de Janeiro, as novas tarifas homologadas em mar\u00e7o j\u00e1 impactam diretamente o or\u00e7amento dos consumidores. Por isso, buscar alternativas para economizar se tornou ainda mais importante. Ao longo do ano, os reajustes tarif\u00e1rios seguem o calend\u00e1rio regulat\u00f3rio de cada distribuidora. No entanto, encargos setoriais, compra de energia, custos de transmiss\u00e3o e tributos continuam pressionando as contas de luz em todo o Brasil. Assim, o consumidor sente aumentos frequentes mesmo sem elevar o consumo. (Firjan) \u00a0 Aumento Energia El\u00e9trica no Rio de Janeiro em Mar\u00e7o de 2026 Em mar\u00e7o de 2026, a Ag\u00eancia Nacional de Energia El\u00e9trica aprovou reajustes importantes para duas grandes concession\u00e1rias do Rio de Janeiro: Light e Enel Rio. As novas tarifas passaram a valer em 15 de mar\u00e7o. Portanto, contas emitidas ap\u00f3s essa data j\u00e1 refletem os novos \u00edndices.\u00a0 \u00a0 Light: reajuste homologado Para clientes da Light, o efeito m\u00e9dio aprovado foi de 8,59%. J\u00e1 para consumidores residenciais, o aumento m\u00e9dio ficou em 6,40%. Isso afeta milh\u00f5es de unidades consumidoras em dezenas de munic\u00edpios fluminenses. (Servi\u00e7os e Informa\u00e7\u00f5es do Brasil) \u00a0 Enel Rio: reajuste homologado Para clientes da Enel Rio, o efeito m\u00e9dio aprovado foi de 15,46%. No segmento residencial, o reajuste ficou em 14,07%. Ou seja, em muitas cidades atendidas pela distribuidora, o impacto foi ainda mais forte. \u00a0 Aumento Energia El\u00e9trica e Impacto no Bolso Quando a tarifa sobe, o efeito aparece rapidamente no or\u00e7amento dom\u00e9stico e empresarial. Al\u00e9m da conta mensal maior, com\u00e9rcios e ind\u00fastrias enfrentam aumento no custo operacional. Como resultado, muitos neg\u00f3cios precisam reajustar pre\u00e7os ou reduzir margens. Nas resid\u00eancias, o cen\u00e1rio tamb\u00e9m preocupa. Ar-condicionado, chuveiro el\u00e9trico, geladeiras e bombas de piscina pesam ainda mais quando a tarifa sobe. Dessa forma, controlar consumo ajuda, por\u00e9m gerar a pr\u00f3pria energia pode trazer vantagem superior. \u00a0 Como se Proteger do Aumento Energia El\u00e9trica A energia solar se destaca como uma das melhores respostas ao avan\u00e7o tarif\u00e1rio. Enquanto a conta de luz sofre reajustes anuais, um sistema fotovoltaico permite previsibilidade e economia por muitos anos. Entre os principais benef\u00edcios, destacam-se: Veja tamb\u00e9m nosso conte\u00fado interno: Quanto custa uma usina solar residencial em Barra do Pira\u00ed. Para acompanhar tarifas e normas oficiais, acesse o portal da ANEEL. \u00a0 Vale a Pena Investir em Energia Solar Agora? Sim. Quanto antes o sistema entra em opera\u00e7\u00e3o, mais cedo a economia come\u00e7a. Al\u00e9m disso, diante dos reajustes recentes, cada m\u00eas sem gera\u00e7\u00e3o pr\u00f3pria representa depend\u00eancia maior da concession\u00e1ria. Em cidades do Sul Fluminense, como Barra do Pira\u00ed, Volta Redonda e regi\u00e3o, a energia solar ganhou for\u00e7a justamente por unir economia e seguran\u00e7a financeira. \u00a0 Solicite Seu Projeto com a Barra Solar Se voc\u00ea quer se proteger do pr\u00f3ximo aumento energia el\u00e9trica, fale agora com a Barra Solar. Nossa equipe cria projetos personalizados para resid\u00eancias, com\u00e9rcios e empresas, sempre com foco em economia real e instala\u00e7\u00e3o segura. Solicite seu or\u00e7amento e descubra quanto voc\u00ea pode economizar j\u00e1 nos pr\u00f3ximos meses. \u00a0 Barra Solar&#x1f4cd; Rua Jos\u00e9 Alves Pimenta, 855 \u2013 Matadouro, Barra do Pira\u00ed \u2013 RJ&#x1f4de; WhatsApp: (24) 99228-0860<\/p>\n","protected":false},"author":2,"featured_media":5602,"comment_status":"open","ping_status":"open","sticky":false,"template":"","format":"standard","meta":{"footnotes":""},"categories":[142],"tags":[67],"class_list":["post-5601","post","type-post","status-publish","format-standard","has-post-thumbnail","hentry","category-energia-solar","tag-usina-solar"],"yoast_head":"<!-- This site is optimized with the Yoast SEO plugin v27.4 - https:\/\/yoast.com\/product\/yoast-seo-wordpress\/ -->\n<title>Aumento Energia El\u00e9trica no Brasil e no Rio em 2026<\/title>\n<meta name=\"description\" content=\"Entenda os \u00faltimos reajustes de energia no Brasil e os aumentos homologados no Rio de Janeiro em mar\u00e7o de 2026.\" \/>\n<meta name=\"robots\" content=\"index, follow, max-snippet:-1, max-image-preview:large, max-video-preview:-1\" \/>\n<link rel=\"canonical\" href=\"https:\/\/barrasolar.eco.br\/blog\/aumento-energia-eletrica-brasil-rio-2026\/\" \/>\n<meta property=\"og:locale\" content=\"pt_PT\" \/>\n<meta property=\"og:type\" content=\"article\" \/>\n<meta property=\"og:title\" content=\"Aumento Energia El\u00e9trica no Brasil e no Rio em 2026\" \/>\n<meta property=\"og:description\" content=\"Entenda os \u00faltimos reajustes de energia no Brasil e os aumentos homologados no Rio de Janeiro em mar\u00e7o de 2026.\" \/>\n<meta property=\"og:url\" content=\"https:\/\/barrasolar.eco.br\/blog\/aumento-energia-eletrica-brasil-rio-2026\/\" \/>\n<meta property=\"og:site_name\" content=\"Blog Barra Solar: Intelig\u00eancia Energ\u00e9tica e Economia Real\" \/>\n<meta property=\"article:publisher\" content=\"https:\/\/www.facebook.com\/barrasolar\/\" \/>\n<meta property=\"article:published_time\" content=\"2026-04-20T09:50:55+00:00\" \/>\n<meta property=\"article:modified_time\" content=\"2026-04-21T15:56:28+00:00\" \/>\n<meta property=\"og:image\" content=\"https:\/\/barrasolar.eco.br\/blog\/wp-content\/uploads\/2026\/04\/aumento-na-conta-de-luz-de-2026-1024x576-1.webp\" \/>\n\t<meta property=\"og:image:width\" content=\"1024\" \/>\n\t<meta property=\"og:image:height\" content=\"576\" \/>\n\t<meta property=\"og:image:type\" content=\"image\/webp\" \/>\n<meta name=\"author\" content=\"Jair Roubert\" \/>\n<meta name=\"twitter:card\" content=\"summary_large_image\" \/>\n<meta name=\"twitter:creator\" content=\"@barra_solar\" \/>\n<meta name=\"twitter:site\" content=\"@barra_solar\" \/>\n<meta name=\"twitter:label1\" content=\"Escrito por\" \/>\n\t<meta name=\"twitter:data1\" content=\"Jair Roubert\" \/>\n\t<meta name=\"twitter:label2\" content=\"Tempo estimado de leitura\" \/>\n\t<meta name=\"twitter:data2\" content=\"4 minutos\" \/>\n<script type=\"application\/ld+json\" class=\"yoast-schema-graph\">{\"@context\":\"https:\\\/\\\/schema.org\",\"@graph\":[{\"@type\":\"Article\",\"@id\":\"https:\\\/\\\/barrasolar.eco.br\\\/blog\\\/aumento-energia-eletrica-brasil-rio-2026\\\/#article\",\"isPartOf\":{\"@id\":\"https:\\\/\\\/barrasolar.eco.br\\\/blog\\\/aumento-energia-eletrica-brasil-rio-2026\\\/\"},\"author\":{\"name\":\"Jair Roubert\",\"@id\":\"https:\\\/\\\/barrasolar.eco.br\\\/blog\\\/#\\\/schema\\\/person\\\/c5b2f76dbee7d7bab393d8f3ef9d0597\"},\"headline\":\"Aumento Energia El\u00e9trica no Brasil: O Que Mudou em 2026?\",\"datePublished\":\"2026-04-20T09:50:55+00:00\",\"dateModified\":\"2026-04-21T15:56:28+00:00\",\"mainEntityOfPage\":{\"@id\":\"https:\\\/\\\/barrasolar.eco.br\\\/blog\\\/aumento-energia-eletrica-brasil-rio-2026\\\/\"},\"wordCount\":621,\"commentCount\":0,\"publisher\":{\"@id\":\"https:\\\/\\\/barrasolar.eco.br\\\/blog\\\/#organization\"},\"image\":{\"@id\":\"https:\\\/\\\/barrasolar.eco.br\\\/blog\\\/aumento-energia-eletrica-brasil-rio-2026\\\/#primaryimage\"},\"thumbnailUrl\":\"https:\\\/\\\/barrasolar.eco.br\\\/blog\\\/wp-content\\\/uploads\\\/2026\\\/04\\\/aumento-na-conta-de-luz-de-2026-1024x576-1.webp\",\"keywords\":[\"Usina solar\"],\"articleSection\":[\"Energia solar\"],\"inLanguage\":\"pt-PT\",\"potentialAction\":[{\"@type\":\"CommentAction\",\"name\":\"Comment\",\"target\":[\"https:\\\/\\\/barrasolar.eco.br\\\/blog\\\/aumento-energia-eletrica-brasil-rio-2026\\\/#respond\"]}]},{\"@type\":\"WebPage\",\"@id\":\"https:\\\/\\\/barrasolar.eco.br\\\/blog\\\/aumento-energia-eletrica-brasil-rio-2026\\\/\",\"url\":\"https:\\\/\\\/barrasolar.eco.br\\\/blog\\\/aumento-energia-eletrica-brasil-rio-2026\\\/\",\"name\":\"Aumento Energia El\u00e9trica no Brasil e no Rio em 2026\",\"isPartOf\":{\"@id\":\"https:\\\/\\\/barrasolar.eco.br\\\/blog\\\/#website\"},\"primaryImageOfPage\":{\"@id\":\"https:\\\/\\\/barrasolar.eco.br\\\/blog\\\/aumento-energia-eletrica-brasil-rio-2026\\\/#primaryimage\"},\"image\":{\"@id\":\"https:\\\/\\\/barrasolar.eco.br\\\/blog\\\/aumento-energia-eletrica-brasil-rio-2026\\\/#primaryimage\"},\"thumbnailUrl\":\"https:\\\/\\\/barrasolar.eco.br\\\/blog\\\/wp-content\\\/uploads\\\/2026\\\/04\\\/aumento-na-conta-de-luz-de-2026-1024x576-1.webp\",\"datePublished\":\"2026-04-20T09:50:55+00:00\",\"dateModified\":\"2026-04-21T15:56:28+00:00\",\"description\":\"Entenda os \u00faltimos reajustes de energia no Brasil e os aumentos homologados no Rio de Janeiro em mar\u00e7o de 2026.\",\"breadcrumb\":{\"@id\":\"https:\\\/\\\/barrasolar.eco.br\\\/blog\\\/aumento-energia-eletrica-brasil-rio-2026\\\/#breadcrumb\"},\"inLanguage\":\"pt-PT\",\"potentialAction\":[{\"@type\":\"ReadAction\",\"target\":[\"https:\\\/\\\/barrasolar.eco.br\\\/blog\\\/aumento-energia-eletrica-brasil-rio-2026\\\/\"]}]},{\"@type\":\"ImageObject\",\"inLanguage\":\"pt-PT\",\"@id\":\"https:\\\/\\\/barrasolar.eco.br\\\/blog\\\/aumento-energia-eletrica-brasil-rio-2026\\\/#primaryimage\",\"url\":\"https:\\\/\\\/barrasolar.eco.br\\\/blog\\\/wp-content\\\/uploads\\\/2026\\\/04\\\/aumento-na-conta-de-luz-de-2026-1024x576-1.webp\",\"contentUrl\":\"https:\\\/\\\/barrasolar.eco.br\\\/blog\\\/wp-content\\\/uploads\\\/2026\\\/04\\\/aumento-na-conta-de-luz-de-2026-1024x576-1.webp\",\"width\":1024,\"height\":576,\"caption\":\"Aumento da energia\"},{\"@type\":\"BreadcrumbList\",\"@id\":\"https:\\\/\\\/barrasolar.eco.br\\\/blog\\\/aumento-energia-eletrica-brasil-rio-2026\\\/#breadcrumb\",\"itemListElement\":[{\"@type\":\"ListItem\",\"position\":1,\"name\":\"In\u00edcio\",\"item\":\"https:\\\/\\\/barrasolar.eco.br\\\/blog\\\/\"},{\"@type\":\"ListItem\",\"position\":2,\"name\":\"Aumento Energia El\u00e9trica no Brasil: O Que Mudou em 2026?\"}]},{\"@type\":\"WebSite\",\"@id\":\"https:\\\/\\\/barrasolar.eco.br\\\/blog\\\/#website\",\"url\":\"https:\\\/\\\/barrasolar.eco.br\\\/blog\\\/\",\"name\":\"Blog Barra Solar\",\"description\":\"O seu guia definitivo sobre energia fotovoltaica, manuten\u00e7\u00e3o de usinas e as inova\u00e7\u00f5es tecnol\u00f3gicas que protegem o seu bolso e garantem sua independ\u00eancia el\u00e9trica.\",\"publisher\":{\"@id\":\"https:\\\/\\\/barrasolar.eco.br\\\/blog\\\/#organization\"},\"alternateName\":\"Blog Barra Solar\",\"potentialAction\":[{\"@type\":\"SearchAction\",\"target\":{\"@type\":\"EntryPoint\",\"urlTemplate\":\"https:\\\/\\\/barrasolar.eco.br\\\/blog\\\/?s={search_term_string}\"},\"query-input\":{\"@type\":\"PropertyValueSpecification\",\"valueRequired\":true,\"valueName\":\"search_term_string\"}}],\"inLanguage\":\"pt-PT\"},{\"@type\":\"Organization\",\"@id\":\"https:\\\/\\\/barrasolar.eco.br\\\/blog\\\/#organization\",\"name\":\"Blog Barra Solar\",\"url\":\"https:\\\/\\\/barrasolar.eco.br\\\/blog\\\/\",\"logo\":{\"@type\":\"ImageObject\",\"inLanguage\":\"pt-PT\",\"@id\":\"https:\\\/\\\/barrasolar.eco.br\\\/blog\\\/#\\\/schema\\\/logo\\\/image\\\/\",\"url\":\"https:\\\/\\\/barrasolar.eco.br\\\/blog\\\/wp-content\\\/uploads\\\/2023\\\/04\\\/cropped-cropped-Logo-Blog-Barra-solar.png\",\"contentUrl\":\"https:\\\/\\\/barrasolar.eco.br\\\/blog\\\/wp-content\\\/uploads\\\/2023\\\/04\\\/cropped-cropped-Logo-Blog-Barra-solar.png\",\"width\":512,\"height\":512,\"caption\":\"Blog Barra Solar\"},\"image\":{\"@id\":\"https:\\\/\\\/barrasolar.eco.br\\\/blog\\\/#\\\/schema\\\/logo\\\/image\\\/\"},\"sameAs\":[\"https:\\\/\\\/www.facebook.com\\\/barrasolar\\\/\",\"https:\\\/\\\/x.com\\\/barra_solar\",\"https:\\\/\\\/www.instagram.com\\\/barrasolar.eco.br\"]},{\"@type\":\"Person\",\"@id\":\"https:\\\/\\\/barrasolar.eco.br\\\/blog\\\/#\\\/schema\\\/person\\\/c5b2f76dbee7d7bab393d8f3ef9d0597\",\"name\":\"Jair Roubert\",\"image\":{\"@type\":\"ImageObject\",\"inLanguage\":\"pt-PT\",\"@id\":\"https:\\\/\\\/barrasolar.eco.br\\\/blog\\\/wp-content\\\/litespeed\\\/avatar\\\/0368aa1ce1c696454061609c6ad3660e.jpg?ver=1777208918\",\"url\":\"https:\\\/\\\/barrasolar.eco.br\\\/blog\\\/wp-content\\\/litespeed\\\/avatar\\\/0368aa1ce1c696454061609c6ad3660e.jpg?ver=1777208918\",\"contentUrl\":\"https:\\\/\\\/barrasolar.eco.br\\\/blog\\\/wp-content\\\/litespeed\\\/avatar\\\/0368aa1ce1c696454061609c6ad3660e.jpg?ver=1777208918\",\"caption\":\"Jair Roubert\"},\"sameAs\":[\"http:\\\/\\\/www.barrasolar.eco.br\\\/blog\\\/\"]}]}<\/script>\n<!-- \/ Yoast SEO plugin. -->","yoast_head_json":{"title":"Aumento Energia El\u00e9trica no Brasil e no Rio em 2026","description":"Entenda os \u00faltimos reajustes de energia no Brasil e os aumentos homologados no Rio de Janeiro em mar\u00e7o de 2026.","robots":{"index":"index","follow":"follow","max-snippet":"max-snippet:-1","max-image-preview":"max-image-preview:large","max-video-preview":"max-video-preview:-1"},"canonical":"https:\/\/barrasolar.eco.br\/blog\/aumento-energia-eletrica-brasil-rio-2026\/","og_locale":"pt_PT","og_type":"article","og_title":"Aumento Energia El\u00e9trica no Brasil e no Rio em 2026","og_description":"Entenda os \u00faltimos reajustes de energia no Brasil e os aumentos homologados no Rio de Janeiro em mar\u00e7o de 2026.","og_url":"https:\/\/barrasolar.eco.br\/blog\/aumento-energia-eletrica-brasil-rio-2026\/","og_site_name":"Blog Barra Solar: Intelig\u00eancia Energ\u00e9tica e Economia Real","article_publisher":"https:\/\/www.facebook.com\/barrasolar\/","article_published_time":"2026-04-20T09:50:55+00:00","article_modified_time":"2026-04-21T15:56:28+00:00","og_image":[{"width":1024,"height":576,"url":"https:\/\/barrasolar.eco.br\/blog\/wp-content\/uploads\/2026\/04\/aumento-na-conta-de-luz-de-2026-1024x576-1.webp","type":"image\/webp"}],"author":"Jair Roubert","twitter_card":"summary_large_image","twitter_creator":"@barra_solar","twitter_site":"@barra_solar","twitter_misc":{"Escrito por":"Jair Roubert","Tempo estimado de leitura":"4 minutos"},"schema":{"@context":"https:\/\/schema.org","@graph":[{"@type":"Article","@id":"https:\/\/barrasolar.eco.br\/blog\/aumento-energia-eletrica-brasil-rio-2026\/#article","isPartOf":{"@id":"https:\/\/barrasolar.eco.br\/blog\/aumento-energia-eletrica-brasil-rio-2026\/"},"author":{"name":"Jair Roubert","@id":"https:\/\/barrasolar.eco.br\/blog\/#\/schema\/person\/c5b2f76dbee7d7bab393d8f3ef9d0597"},"headline":"Aumento Energia El\u00e9trica no Brasil: O Que Mudou em 2026?","datePublished":"2026-04-20T09:50:55+00:00","dateModified":"2026-04-21T15:56:28+00:00","mainEntityOfPage":{"@id":"https:\/\/barrasolar.eco.br\/blog\/aumento-energia-eletrica-brasil-rio-2026\/"},"wordCount":621,"commentCount":0,"publisher":{"@id":"https:\/\/barrasolar.eco.br\/blog\/#organization"},"image":{"@id":"https:\/\/barrasolar.eco.br\/blog\/aumento-energia-eletrica-brasil-rio-2026\/#primaryimage"},"thumbnailUrl":"https:\/\/barrasolar.eco.br\/blog\/wp-content\/uploads\/2026\/04\/aumento-na-conta-de-luz-de-2026-1024x576-1.webp","keywords":["Usina solar"],"articleSection":["Energia solar"],"inLanguage":"pt-PT","potentialAction":[{"@type":"CommentAction","name":"Comment","target":["https:\/\/barrasolar.eco.br\/blog\/aumento-energia-eletrica-brasil-rio-2026\/#respond"]}]},{"@type":"WebPage","@id":"https:\/\/barrasolar.eco.br\/blog\/aumento-energia-eletrica-brasil-rio-2026\/","url":"https:\/\/barrasolar.eco.br\/blog\/aumento-energia-eletrica-brasil-rio-2026\/","name":"Aumento Energia El\u00e9trica no Brasil e no Rio em 2026","isPartOf":{"@id":"https:\/\/barrasolar.eco.br\/blog\/#website"},"primaryImageOfPage":{"@id":"https:\/\/barrasolar.eco.br\/blog\/aumento-energia-eletrica-brasil-rio-2026\/#primaryimage"},"image":{"@id":"https:\/\/barrasolar.eco.br\/blog\/aumento-energia-eletrica-brasil-rio-2026\/#primaryimage"},"thumbnailUrl":"https:\/\/barrasolar.eco.br\/blog\/wp-content\/uploads\/2026\/04\/aumento-na-conta-de-luz-de-2026-1024x576-1.webp","datePublished":"2026-04-20T09:50:55+00:00","dateModified":"2026-04-21T15:56:28+00:00","description":"Entenda os \u00faltimos reajustes de energia no Brasil e os aumentos homologados no Rio de Janeiro em mar\u00e7o de 2026.","breadcrumb":{"@id":"https:\/\/barrasolar.eco.br\/blog\/aumento-energia-eletrica-brasil-rio-2026\/#breadcrumb"},"inLanguage":"pt-PT","potentialAction":[{"@type":"ReadAction","target":["https:\/\/barrasolar.eco.br\/blog\/aumento-energia-eletrica-brasil-rio-2026\/"]}]},{"@type":"ImageObject","inLanguage":"pt-PT","@id":"https:\/\/barrasolar.eco.br\/blog\/aumento-energia-eletrica-brasil-rio-2026\/#primaryimage","url":"https:\/\/barrasolar.eco.br\/blog\/wp-content\/uploads\/2026\/04\/aumento-na-conta-de-luz-de-2026-1024x576-1.webp","contentUrl":"https:\/\/barrasolar.eco.br\/blog\/wp-content\/uploads\/2026\/04\/aumento-na-conta-de-luz-de-2026-1024x576-1.webp","width":1024,"height":576,"caption":"Aumento da energia"},{"@type":"BreadcrumbList","@id":"https:\/\/barrasolar.eco.br\/blog\/aumento-energia-eletrica-brasil-rio-2026\/#breadcrumb","itemListElement":[{"@type":"ListItem","position":1,"name":"In\u00edcio","item":"https:\/\/barrasolar.eco.br\/blog\/"},{"@type":"ListItem","position":2,"name":"Aumento Energia El\u00e9trica no Brasil: O Que Mudou em 2026?"}]},{"@type":"WebSite","@id":"https:\/\/barrasolar.eco.br\/blog\/#website","url":"https:\/\/barrasolar.eco.br\/blog\/","name":"Blog Barra Solar","description":"O seu guia definitivo sobre energia fotovoltaica, manuten\u00e7\u00e3o de usinas e as inova\u00e7\u00f5es tecnol\u00f3gicas que protegem o seu bolso e garantem sua independ\u00eancia el\u00e9trica.","publisher":{"@id":"https:\/\/barrasolar.eco.br\/blog\/#organization"},"alternateName":"Blog Barra Solar","potentialAction":[{"@type":"SearchAction","target":{"@type":"EntryPoint","urlTemplate":"https:\/\/barrasolar.eco.br\/blog\/?s={search_term_string}"},"query-input":{"@type":"PropertyValueSpecification","valueRequired":true,"valueName":"search_term_string"}}],"inLanguage":"pt-PT"},{"@type":"Organization","@id":"https:\/\/barrasolar.eco.br\/blog\/#organization","name":"Blog Barra Solar","url":"https:\/\/barrasolar.eco.br\/blog\/","logo":{"@type":"ImageObject","inLanguage":"pt-PT","@id":"https:\/\/barrasolar.eco.br\/blog\/#\/schema\/logo\/image\/","url":"https:\/\/barrasolar.eco.br\/blog\/wp-content\/uploads\/2023\/04\/cropped-cropped-Logo-Blog-Barra-solar.png","contentUrl":"https:\/\/barrasolar.eco.br\/blog\/wp-content\/uploads\/2023\/04\/cropped-cropped-Logo-Blog-Barra-solar.png","width":512,"height":512,"caption":"Blog Barra Solar"},"image":{"@id":"https:\/\/barrasolar.eco.br\/blog\/#\/schema\/logo\/image\/"},"sameAs":["https:\/\/www.facebook.com\/barrasolar\/","https:\/\/x.com\/barra_solar","https:\/\/www.instagram.com\/barrasolar.eco.br"]},{"@type":"Person","@id":"https:\/\/barrasolar.eco.br\/blog\/#\/schema\/person\/c5b2f76dbee7d7bab393d8f3ef9d0597","name":"Jair Roubert","image":{"@type":"ImageObject","inLanguage":"pt-PT","@id":"https:\/\/barrasolar.eco.br\/blog\/wp-content\/litespeed\/avatar\/0368aa1ce1c696454061609c6ad3660e.jpg?ver=1777208918","url":"https:\/\/barrasolar.eco.br\/blog\/wp-content\/litespeed\/avatar\/0368aa1ce1c696454061609c6ad3660e.jpg?ver=1777208918","contentUrl":"https:\/\/barrasolar.eco.br\/blog\/wp-content\/litespeed\/avatar\/0368aa1ce1c696454061609c6ad3660e.jpg?ver=1777208918","caption":"Jair Roubert"},"sameAs":["http:\/\/www.barrasolar.eco.br\/blog\/"]}]}},"_links":{"self":[{"href":"https:\/\/barrasolar.eco.br\/blog\/wp-json\/wp\/v2\/posts\/5601","targetHints":{"allow":["GET"]}}],"collection":[{"href":"https:\/\/barrasolar.eco.br\/blog\/wp-json\/wp\/v2\/posts"}],"about":[{"href":"https:\/\/barrasolar.eco.br\/blog\/wp-json\/wp\/v2\/types\/post"}],"author":[{"embeddable":true,"href":"https:\/\/barrasolar.eco.br\/blog\/wp-json\/wp\/v2\/users\/2"}],"replies":[{"embeddable":true,"href":"https:\/\/barrasolar.eco.br\/blog\/wp-json\/wp\/v2\/comments?post=5601"}],"version-history":[{"count":82,"href":"https:\/\/barrasolar.eco.br\/blog\/wp-json\/wp\/v2\/posts\/5601\/revisions"}],"predecessor-version":[{"id":5725,"href":"https:\/\/barrasolar.eco.br\/blog\/wp-json\/wp\/v2\/posts\/5601\/revisions\/5725"}],"wp:featuredmedia":[{"embeddable":true,"href":"https:\/\/barrasolar.eco.br\/blog\/wp-json\/wp\/v2\/media\/5602"}],"wp:attachment":[{"href":"https:\/\/barrasolar.eco.br\/blog\/wp-json\/wp\/v2\/media?parent=5601"}],"wp:term":[{"taxonomy":"category","embeddable":true,"href":"https:\/\/barrasolar.eco.br\/blog\/wp-json\/wp\/v2\/categories?post=5601"},{"taxonomy":"post_tag","embeddable":true,"href":"https:\/\/barrasolar.eco.br\/blog\/wp-json\/wp\/v2\/tags?post=5601"}],"curies":[{"name":"wp","href":"https:\/\/api.w.org\/{rel}","templated":true}]}}