{"id":5544,"date":"2026-04-14T14:45:19","date_gmt":"2026-04-14T17:45:19","guid":{"rendered":"https:\/\/barrasolar.eco.br\/blog\/?p=5544"},"modified":"2026-04-20T19:24:03","modified_gmt":"2026-04-20T22:24:03","slug":"impacto-solar-da-guerra-entenda-as-consequencias-para-o-setor","status":"publish","type":"post","link":"https:\/\/barrasolar.eco.br\/blog\/impacto-solar-da-guerra-entenda-as-consequencias-para-o-setor\/","title":{"rendered":"Impacto Solar da Guerra: Entenda as Consequ\u00eancias para o Setor"},"content":{"rendered":"\t\t<div data-elementor-type=\"wp-post\" data-elementor-id=\"5544\" class=\"elementor elementor-5544\" data-elementor-settings=\"{&quot;ha_cmc_init_switcher&quot;:&quot;no&quot;}\" data-elementor-post-type=\"post\">\n\t\t\t\t<div class=\"elementor-element elementor-element-3bfbead4 e-flex e-con-boxed wpr-particle-no wpr-jarallax-no wpr-parallax-no wpr-sticky-section-no wpr-equal-height-no e-con e-parent\" data-id=\"3bfbead4\" data-element_type=\"container\" data-e-type=\"container\" data-settings=\"{&quot;_ha_eqh_enable&quot;:false}\">\n\t\t\t\t\t<div class=\"e-con-inner\">\n\t\t\t\t<div class=\"elementor-element elementor-element-43e08600 elementor-widget elementor-widget-text-editor\" data-id=\"43e08600\" data-element_type=\"widget\" data-e-type=\"widget\" data-widget_type=\"text-editor.default\">\n\t\t\t\t<div class=\"elementor-widget-container\">\n\t\t\t\t\t\t\t\t\t\n<p>O recente conflito no Oriente M\u00e9dio trouxe um tema relevante para o centro das discuss\u00f5es: o <strong>impacto solar da guerra<\/strong> no mercado de energia fotovoltaica. Afinal, como uma crise geopol\u00edtica pode afetar a instala\u00e7\u00e3o de pain\u00e9is solares no Brasil?<\/p>\n\n<p>A resposta envolve cadeias globais de suprimento, pre\u00e7os de componentes e at\u00e9 mesmo incentivos para energias renov\u00e1veis.<\/p>\n\n<h5 class=\"wp-block-heading\">\u00a0<\/h5>\n<h5 class=\"wp-block-heading\">Impacto Solar da Guerra no Mercado Internacional<\/h5>\n\n<p>O <strong>impacto solar da guerra<\/strong> come\u00e7a nas rotas de navega\u00e7\u00e3o do Oriente M\u00e9dio. Muitos componentes utilizados na fabrica\u00e7\u00e3o de pain\u00e9is solares, como o sil\u00edcio e certos metais raros, passam por aquela regi\u00e3o.<\/p>\n\n<p>Com o conflito, os fretes mar\u00edtimos ficaram mais caros e demorados. Empresas de log\u00edstica redirecionaram embarca\u00e7\u00f5es, aumentando o custo final dos equipamentos.<\/p>\n\n<p>Al\u00e9m disso, os pre\u00e7os do petr\u00f3leo dispararam diante da instabilidade. Isso tornou a energia solar ainda mais competitiva quando comparada \u00e0s fontes f\u00f3sseis.<\/p>\n\n<p>Portanto, em m\u00e9dio prazo, o cen\u00e1rio pode acelerar a transi\u00e7\u00e3o energ\u00e9tica global. Pa\u00edses dependentes de petr\u00f3leo importado j\u00e1 buscam alternativas mais seguras e baratas.<\/p>\n\n<h5 class=\"wp-block-heading\">\u00a0<\/h5>\n<h5 class=\"wp-block-heading\">Como o Brasil Pode Ser Afetado?<\/h5>\n\n<p>Embora o conflito ocorra longe do territ\u00f3rio nacional, o Brasil sente os efeitos indiretos. Nosso pa\u00eds importa grande parte dos inversores, m\u00f3dulos e estruturas usados em usinas solares.<\/p>\n\n<p>Com a valoriza\u00e7\u00e3o do d\u00f3lar e o aumento dos fretes, os custos desses produtos sobem. Consequentemente, o pre\u00e7o final do sistema para o consumidor brasileiro tamb\u00e9m aumenta.<\/p>\n\n<p>Por outro lado, a crise internacional estimula a produ\u00e7\u00e3o local. Fabricantes nacionais ganham espa\u00e7o, j\u00e1 que a concorr\u00eancia importada fica mais cara.<\/p>\n\n<p>Outro ponto positivo envolve a seguran\u00e7a energ\u00e9tica. Diante da instabilidade externa, governos e empresas passam a valorizar fontes limpas e renov\u00e1veis, como a solar.<\/p>\n\n<p>Assim, o <strong>impacto solar da guerra<\/strong> pode, paradoxalmente, fortalecer o setor no Brasil a longo prazo.<\/p>\n\n<h5 class=\"wp-block-heading\">\u00a0<\/h5>\n<h5 class=\"wp-block-heading\">Oportunidades em Meio \u00e0 Crise<\/h5>\n\n<p>Mesmo com os desafios, algumas oportunidades surgem. A primeira delas \u00e9 o aumento da procura por sistemas off-grid. Muitas ind\u00fastrias e propriedades rurais desejam independ\u00eancia energ\u00e9tica diante de poss\u00edveis oscila\u00e7\u00f5es nos pre\u00e7os da energia convencional.<\/p>\n\n<p>Al\u00e9m disso, investidores olham com mais aten\u00e7\u00e3o para projetos de gera\u00e7\u00e3o distribu\u00edda. A energia solar torna-se um ativo estrat\u00e9gico, n\u00e3o apenas econ\u00f4mico.<\/p>\n\n<p>Outra tend\u00eancia envolve a inova\u00e7\u00e3o tecnol\u00f3gica. Com a press\u00e3o sobre as cadeias globais, surgem incentivos para desenvolver solu\u00e7\u00f5es locais e mais eficientes.<\/p>\n\n<p>Voc\u00ea pode conferir mais sobre inova\u00e7\u00e3o solar em nosso artigo sobre [novas tecnologias fotovoltaicas](link interno para artigo relacionado).<\/p>\n\n<p>Para entender o cen\u00e1rio geopol\u00edtico, recomendamos a leitura deste <a href=\"https:\/\/www.iea.org\/topics\/energy-security\">relat\u00f3rio externo sobre conflitos e energia<\/a>.<\/p>\n\n<h5 class=\"wp-block-heading\">\u00a0<\/h5>\n<h5 class=\"wp-block-heading\">O Que Esperar dos Pre\u00e7os dos Pain\u00e9is Solares?<\/h5>\n\n<p>A curto prazo, os pre\u00e7os dos equipamentos solares devem subir. O motivo principal \u00e9 a press\u00e3o sobre a log\u00edstica global. Cont\u00eaineres mais caros e rotas alternativas elevam os custos.<\/p>\n\n<p>No entanto, a m\u00e9dio prazo, o cen\u00e1rio pode se estabilizar. Pa\u00edses como China e \u00cdndia aumentaram sua produ\u00e7\u00e3o de componentes solares, diminuindo a depend\u00eancia de rotas inst\u00e1veis.<\/p>\n\n<p>Al\u00e9m disso, o Brasil vem ampliando sua capacidade de fabrica\u00e7\u00e3o local. Com isso, o impacto sobre o consumidor final tende a ser menor do que em crises anteriores.<\/p>\n\n<p>Por isso, especialistas recomendam n\u00e3o adiar projetos por medo de pre\u00e7os. Monitorar o mercado e planejar a compra com anteced\u00eancia continua sendo a melhor estrat\u00e9gia.<\/p>\n\n<h5 class=\"wp-block-heading\">\u00a0<\/h5>\n<h5 class=\"wp-block-heading\">Por Que Investir em Energia Solar Agora?<\/h5>\n\n<p>Mesmo com as incertezas geopol\u00edticas, a energia solar segue sendo um excelente investimento. O retorno financeiro m\u00e9dio no Brasil gira em torno de 3 a 5 anos, com economia de at\u00e9 95% na conta de luz.<\/p>\n\n<p>A crise internacional refor\u00e7a ainda mais a necessidade de fontes limpas e descentralizadas. Quem investe hoje em energia solar garante prote\u00e7\u00e3o contra aumentos tarif\u00e1rios futuros e volatilidade externa.<\/p>\n\n<p>Portanto, o momento \u00e9 de planejamento, n\u00e3o de paralisia. Avaliar seu consumo, simular sistemas e buscar um parceiro confi\u00e1vel s\u00e3o passos fundamentais.<\/p>\n\n<h5 class=\"wp-block-heading\">\u00a0<\/h5>\n<h5 class=\"wp-block-heading\">Conclus\u00e3o: Confian\u00e7a e Seguran\u00e7a com a Barra Solar<\/h5>\n\n<p>Diante do cen\u00e1rio atual, fica claro que o <strong>impacto solar da guerra<\/strong> existe, mas n\u00e3o inviabiliza o setor. Pelo contr\u00e1rio, ele destaca a import\u00e2ncia de uma matriz energ\u00e9tica diversificada, limpa e resiliente.<\/p>\n\n<p>Na <strong>Barra Solar<\/strong>, estamos preparados para atender sua demanda com qualidade, transpar\u00eancia e os melhores equipamentos do mercado. Nossa equipe oferece suporte completo, desde a simula\u00e7\u00e3o at\u00e9 a instala\u00e7\u00e3o e manuten\u00e7\u00e3o do seu sistema.<\/p>\n\n<p>\u00a0<\/p>\n<p><strong>Venha garantir sua independ\u00eancia energ\u00e9tica com quem entende do assunto.<\/strong><br \/>Visite-nos ou fale conosco:<\/p>\n\n<p>\ud83d\udccd <strong>Barra Solar<\/strong><br \/>Rua Jos\u00e9 Alves Pimenta, 855 \u2013 Matadouro, Barra do Pira\u00ed \u2013 RJ<br \/>\ud83d\udcde <strong>Telefone \/ WhatsApp:<\/strong> (24) 99228-0860<\/p>\n\n<p>Fa\u00e7a como centenas de clientes satisfeitos e proteja seu bolso do futuro. <strong>A Barra Solar espera por voc\u00ea!<\/strong><\/p>\n\t\t\t\t\t\t\t\t<\/div>\n\t\t\t\t<\/div>\n\t\t\t\t\t<\/div>\n\t\t\t\t<\/div>\n\t\t\t\t<\/div>\n\t\t","protected":false},"excerpt":{"rendered":"<p>O recente conflito no Oriente M\u00e9dio trouxe um tema relevante para o centro das discuss\u00f5es: o impacto solar da guerra no mercado de energia fotovoltaica. Afinal, como uma crise geopol\u00edtica pode afetar a instala\u00e7\u00e3o de pain\u00e9is solares no Brasil? A resposta envolve cadeias globais de suprimento, pre\u00e7os de componentes e at\u00e9 mesmo incentivos para energias renov\u00e1veis. \u00a0 Impacto Solar da Guerra no Mercado Internacional O impacto solar da guerra come\u00e7a nas rotas de navega\u00e7\u00e3o do Oriente M\u00e9dio. Muitos componentes utilizados na fabrica\u00e7\u00e3o de pain\u00e9is solares, como o sil\u00edcio e certos metais raros, passam por aquela regi\u00e3o. Com o conflito, os fretes mar\u00edtimos ficaram mais caros e demorados. Empresas de log\u00edstica redirecionaram embarca\u00e7\u00f5es, aumentando o custo final dos equipamentos. Al\u00e9m disso, os pre\u00e7os do petr\u00f3leo dispararam diante da instabilidade. Isso tornou a energia solar ainda mais competitiva quando comparada \u00e0s fontes f\u00f3sseis. Portanto, em m\u00e9dio prazo, o cen\u00e1rio pode acelerar a transi\u00e7\u00e3o energ\u00e9tica global. Pa\u00edses dependentes de petr\u00f3leo importado j\u00e1 buscam alternativas mais seguras e baratas. \u00a0 Como o Brasil Pode Ser Afetado? Embora o conflito ocorra longe do territ\u00f3rio nacional, o Brasil sente os efeitos indiretos. Nosso pa\u00eds importa grande parte dos inversores, m\u00f3dulos e estruturas usados em usinas solares. Com a valoriza\u00e7\u00e3o do d\u00f3lar e o aumento dos fretes, os custos desses produtos sobem. Consequentemente, o pre\u00e7o final do sistema para o consumidor brasileiro tamb\u00e9m aumenta. Por outro lado, a crise internacional estimula a produ\u00e7\u00e3o local. Fabricantes nacionais ganham espa\u00e7o, j\u00e1 que a concorr\u00eancia importada fica mais cara. Outro ponto positivo envolve a seguran\u00e7a energ\u00e9tica. Diante da instabilidade externa, governos e empresas passam a valorizar fontes limpas e renov\u00e1veis, como a solar. Assim, o impacto solar da guerra pode, paradoxalmente, fortalecer o setor no Brasil a longo prazo. \u00a0 Oportunidades em Meio \u00e0 Crise Mesmo com os desafios, algumas oportunidades surgem. A primeira delas \u00e9 o aumento da procura por sistemas off-grid. Muitas ind\u00fastrias e propriedades rurais desejam independ\u00eancia energ\u00e9tica diante de poss\u00edveis oscila\u00e7\u00f5es nos pre\u00e7os da energia convencional. Al\u00e9m disso, investidores olham com mais aten\u00e7\u00e3o para projetos de gera\u00e7\u00e3o distribu\u00edda. A energia solar torna-se um ativo estrat\u00e9gico, n\u00e3o apenas econ\u00f4mico. Outra tend\u00eancia envolve a inova\u00e7\u00e3o tecnol\u00f3gica. Com a press\u00e3o sobre as cadeias globais, surgem incentivos para desenvolver solu\u00e7\u00f5es locais e mais eficientes. Voc\u00ea pode conferir mais sobre inova\u00e7\u00e3o solar em nosso artigo sobre [novas tecnologias fotovoltaicas](link interno para artigo relacionado). Para entender o cen\u00e1rio geopol\u00edtico, recomendamos a leitura deste relat\u00f3rio externo sobre conflitos e energia. \u00a0 O Que Esperar dos Pre\u00e7os dos Pain\u00e9is Solares? A curto prazo, os pre\u00e7os dos equipamentos solares devem subir. O motivo principal \u00e9 a press\u00e3o sobre a log\u00edstica global. Cont\u00eaineres mais caros e rotas alternativas elevam os custos. No entanto, a m\u00e9dio prazo, o cen\u00e1rio pode se estabilizar. Pa\u00edses como China e \u00cdndia aumentaram sua produ\u00e7\u00e3o de componentes solares, diminuindo a depend\u00eancia de rotas inst\u00e1veis. Al\u00e9m disso, o Brasil vem ampliando sua capacidade de fabrica\u00e7\u00e3o local. Com isso, o impacto sobre o consumidor final tende a ser menor do que em crises anteriores. Por isso, especialistas recomendam n\u00e3o adiar projetos por medo de pre\u00e7os. Monitorar o mercado e planejar a compra com anteced\u00eancia continua sendo a melhor estrat\u00e9gia. \u00a0 Por Que Investir em Energia Solar Agora? Mesmo com as incertezas geopol\u00edticas, a energia solar segue sendo um excelente investimento. O retorno financeiro m\u00e9dio no Brasil gira em torno de 3 a 5 anos, com economia de at\u00e9 95% na conta de luz. A crise internacional refor\u00e7a ainda mais a necessidade de fontes limpas e descentralizadas. Quem investe hoje em energia solar garante prote\u00e7\u00e3o contra aumentos tarif\u00e1rios futuros e volatilidade externa. Portanto, o momento \u00e9 de planejamento, n\u00e3o de paralisia. Avaliar seu consumo, simular sistemas e buscar um parceiro confi\u00e1vel s\u00e3o passos fundamentais. \u00a0 Conclus\u00e3o: Confian\u00e7a e Seguran\u00e7a com a Barra Solar Diante do cen\u00e1rio atual, fica claro que o impacto solar da guerra existe, mas n\u00e3o inviabiliza o setor. Pelo contr\u00e1rio, ele destaca a import\u00e2ncia de uma matriz energ\u00e9tica diversificada, limpa e resiliente. Na Barra Solar, estamos preparados para atender sua demanda com qualidade, transpar\u00eancia e os melhores equipamentos do mercado. Nossa equipe oferece suporte completo, desde a simula\u00e7\u00e3o at\u00e9 a instala\u00e7\u00e3o e manuten\u00e7\u00e3o do seu sistema. \u00a0 Venha garantir sua independ\u00eancia energ\u00e9tica com quem entende do assunto.Visite-nos ou fale conosco: &#x1f4cd; Barra SolarRua Jos\u00e9 Alves Pimenta, 855 \u2013 Matadouro, Barra do Pira\u00ed \u2013 RJ&#x1f4de; Telefone \/ WhatsApp: (24) 99228-0860 Fa\u00e7a como centenas de clientes satisfeitos e proteja seu bolso do futuro. A Barra Solar espera por voc\u00ea!<\/p>\n","protected":false},"author":2,"featured_media":5545,"comment_status":"open","ping_status":"open","sticky":false,"template":"","format":"standard","meta":{"footnotes":""},"categories":[142],"tags":[34],"class_list":["post-5544","post","type-post","status-publish","format-standard","has-post-thumbnail","hentry","category-energia-solar","tag-investimento"],"yoast_head":"<!-- This site is optimized with the Yoast SEO plugin v27.4 - https:\/\/yoast.com\/product\/yoast-seo-wordpress\/ -->\n<title>Guerra Ir\u00e3 Israel: Impacto Solar<\/title>\n<meta name=\"description\" content=\"Entenda como o conflito entre Ir\u00e3, Israel e EUA afeta o mercado de energia solar no Brasil e no mundo. impacto solar da guerra.\" \/>\n<meta name=\"robots\" content=\"index, follow, max-snippet:-1, max-image-preview:large, max-video-preview:-1\" \/>\n<link rel=\"canonical\" href=\"https:\/\/barrasolar.eco.br\/blog\/impacto-solar-da-guerra-entenda-as-consequencias-para-o-setor\/\" \/>\n<meta property=\"og:locale\" content=\"pt_PT\" \/>\n<meta property=\"og:type\" content=\"article\" \/>\n<meta property=\"og:title\" content=\"Guerra Ir\u00e3 Israel: Impacto Solar\" \/>\n<meta property=\"og:description\" content=\"Entenda como o conflito entre Ir\u00e3, Israel e EUA afeta o mercado de energia solar no Brasil e no mundo. impacto solar da guerra.\" \/>\n<meta property=\"og:url\" content=\"https:\/\/barrasolar.eco.br\/blog\/impacto-solar-da-guerra-entenda-as-consequencias-para-o-setor\/\" \/>\n<meta property=\"og:site_name\" content=\"Blog Barra Solar: Intelig\u00eancia Energ\u00e9tica e Economia Real\" \/>\n<meta property=\"article:publisher\" content=\"https:\/\/www.facebook.com\/barrasolar\/\" \/>\n<meta property=\"article:published_time\" content=\"2026-04-14T17:45:19+00:00\" \/>\n<meta property=\"article:modified_time\" content=\"2026-04-20T22:24:03+00:00\" \/>\n<meta property=\"og:image\" content=\"https:\/\/barrasolar.eco.br\/blog\/wp-content\/uploads\/2026\/04\/Energia-solar-conflito-global-e1776188661767.webp\" \/>\n\t<meta property=\"og:image:width\" content=\"700\" \/>\n\t<meta property=\"og:image:height\" content=\"467\" \/>\n\t<meta property=\"og:image:type\" content=\"image\/webp\" \/>\n<meta name=\"author\" content=\"Jair Roubert\" \/>\n<meta name=\"twitter:card\" content=\"summary_large_image\" \/>\n<meta name=\"twitter:creator\" content=\"@barra_solar\" \/>\n<meta name=\"twitter:site\" content=\"@barra_solar\" \/>\n<meta name=\"twitter:label1\" content=\"Escrito por\" \/>\n\t<meta name=\"twitter:data1\" content=\"Jair Roubert\" \/>\n\t<meta name=\"twitter:label2\" content=\"Tempo estimado de leitura\" \/>\n\t<meta name=\"twitter:data2\" content=\"5 minutos\" \/>\n<script type=\"application\/ld+json\" class=\"yoast-schema-graph\">{\"@context\":\"https:\\\/\\\/schema.org\",\"@graph\":[{\"@type\":\"Article\",\"@id\":\"https:\\\/\\\/barrasolar.eco.br\\\/blog\\\/impacto-solar-da-guerra-entenda-as-consequencias-para-o-setor\\\/#article\",\"isPartOf\":{\"@id\":\"https:\\\/\\\/barrasolar.eco.br\\\/blog\\\/impacto-solar-da-guerra-entenda-as-consequencias-para-o-setor\\\/\"},\"author\":{\"name\":\"Jair Roubert\",\"@id\":\"https:\\\/\\\/barrasolar.eco.br\\\/blog\\\/#\\\/schema\\\/person\\\/c5b2f76dbee7d7bab393d8f3ef9d0597\"},\"headline\":\"Impacto Solar da Guerra: Entenda as Consequ\u00eancias para o Setor\",\"datePublished\":\"2026-04-14T17:45:19+00:00\",\"dateModified\":\"2026-04-20T22:24:03+00:00\",\"mainEntityOfPage\":{\"@id\":\"https:\\\/\\\/barrasolar.eco.br\\\/blog\\\/impacto-solar-da-guerra-entenda-as-consequencias-para-o-setor\\\/\"},\"wordCount\":848,\"commentCount\":0,\"publisher\":{\"@id\":\"https:\\\/\\\/barrasolar.eco.br\\\/blog\\\/#organization\"},\"image\":{\"@id\":\"https:\\\/\\\/barrasolar.eco.br\\\/blog\\\/impacto-solar-da-guerra-entenda-as-consequencias-para-o-setor\\\/#primaryimage\"},\"thumbnailUrl\":\"https:\\\/\\\/barrasolar.eco.br\\\/blog\\\/wp-content\\\/uploads\\\/2026\\\/04\\\/Energia-solar-conflito-global-e1776188661767.webp\",\"keywords\":[\"investimento\"],\"articleSection\":[\"Energia solar\"],\"inLanguage\":\"pt-PT\",\"potentialAction\":[{\"@type\":\"CommentAction\",\"name\":\"Comment\",\"target\":[\"https:\\\/\\\/barrasolar.eco.br\\\/blog\\\/impacto-solar-da-guerra-entenda-as-consequencias-para-o-setor\\\/#respond\"]}]},{\"@type\":\"WebPage\",\"@id\":\"https:\\\/\\\/barrasolar.eco.br\\\/blog\\\/impacto-solar-da-guerra-entenda-as-consequencias-para-o-setor\\\/\",\"url\":\"https:\\\/\\\/barrasolar.eco.br\\\/blog\\\/impacto-solar-da-guerra-entenda-as-consequencias-para-o-setor\\\/\",\"name\":\"Guerra Ir\u00e3 Israel: Impacto Solar\",\"isPartOf\":{\"@id\":\"https:\\\/\\\/barrasolar.eco.br\\\/blog\\\/#website\"},\"primaryImageOfPage\":{\"@id\":\"https:\\\/\\\/barrasolar.eco.br\\\/blog\\\/impacto-solar-da-guerra-entenda-as-consequencias-para-o-setor\\\/#primaryimage\"},\"image\":{\"@id\":\"https:\\\/\\\/barrasolar.eco.br\\\/blog\\\/impacto-solar-da-guerra-entenda-as-consequencias-para-o-setor\\\/#primaryimage\"},\"thumbnailUrl\":\"https:\\\/\\\/barrasolar.eco.br\\\/blog\\\/wp-content\\\/uploads\\\/2026\\\/04\\\/Energia-solar-conflito-global-e1776188661767.webp\",\"datePublished\":\"2026-04-14T17:45:19+00:00\",\"dateModified\":\"2026-04-20T22:24:03+00:00\",\"description\":\"Entenda como o conflito entre Ir\u00e3, Israel e EUA afeta o mercado de energia solar no Brasil e no mundo. impacto solar da guerra.\",\"breadcrumb\":{\"@id\":\"https:\\\/\\\/barrasolar.eco.br\\\/blog\\\/impacto-solar-da-guerra-entenda-as-consequencias-para-o-setor\\\/#breadcrumb\"},\"inLanguage\":\"pt-PT\",\"potentialAction\":[{\"@type\":\"ReadAction\",\"target\":[\"https:\\\/\\\/barrasolar.eco.br\\\/blog\\\/impacto-solar-da-guerra-entenda-as-consequencias-para-o-setor\\\/\"]}]},{\"@type\":\"ImageObject\",\"inLanguage\":\"pt-PT\",\"@id\":\"https:\\\/\\\/barrasolar.eco.br\\\/blog\\\/impacto-solar-da-guerra-entenda-as-consequencias-para-o-setor\\\/#primaryimage\",\"url\":\"https:\\\/\\\/barrasolar.eco.br\\\/blog\\\/wp-content\\\/uploads\\\/2026\\\/04\\\/Energia-solar-conflito-global-e1776188661767.webp\",\"contentUrl\":\"https:\\\/\\\/barrasolar.eco.br\\\/blog\\\/wp-content\\\/uploads\\\/2026\\\/04\\\/Energia-solar-conflito-global-e1776188661767.webp\",\"width\":700,\"height\":467,\"caption\":\"Energia solar e o conflito global\"},{\"@type\":\"BreadcrumbList\",\"@id\":\"https:\\\/\\\/barrasolar.eco.br\\\/blog\\\/impacto-solar-da-guerra-entenda-as-consequencias-para-o-setor\\\/#breadcrumb\",\"itemListElement\":[{\"@type\":\"ListItem\",\"position\":1,\"name\":\"In\u00edcio\",\"item\":\"https:\\\/\\\/barrasolar.eco.br\\\/blog\\\/\"},{\"@type\":\"ListItem\",\"position\":2,\"name\":\"Impacto Solar da Guerra: Entenda as Consequ\u00eancias para o Setor\"}]},{\"@type\":\"WebSite\",\"@id\":\"https:\\\/\\\/barrasolar.eco.br\\\/blog\\\/#website\",\"url\":\"https:\\\/\\\/barrasolar.eco.br\\\/blog\\\/\",\"name\":\"Blog Barra Solar\",\"description\":\"O seu guia definitivo sobre energia fotovoltaica, manuten\u00e7\u00e3o de usinas e as inova\u00e7\u00f5es tecnol\u00f3gicas que protegem o seu bolso e garantem sua independ\u00eancia el\u00e9trica.\",\"publisher\":{\"@id\":\"https:\\\/\\\/barrasolar.eco.br\\\/blog\\\/#organization\"},\"alternateName\":\"Blog Barra Solar\",\"potentialAction\":[{\"@type\":\"SearchAction\",\"target\":{\"@type\":\"EntryPoint\",\"urlTemplate\":\"https:\\\/\\\/barrasolar.eco.br\\\/blog\\\/?s={search_term_string}\"},\"query-input\":{\"@type\":\"PropertyValueSpecification\",\"valueRequired\":true,\"valueName\":\"search_term_string\"}}],\"inLanguage\":\"pt-PT\"},{\"@type\":\"Organization\",\"@id\":\"https:\\\/\\\/barrasolar.eco.br\\\/blog\\\/#organization\",\"name\":\"Blog Barra Solar\",\"url\":\"https:\\\/\\\/barrasolar.eco.br\\\/blog\\\/\",\"logo\":{\"@type\":\"ImageObject\",\"inLanguage\":\"pt-PT\",\"@id\":\"https:\\\/\\\/barrasolar.eco.br\\\/blog\\\/#\\\/schema\\\/logo\\\/image\\\/\",\"url\":\"https:\\\/\\\/barrasolar.eco.br\\\/blog\\\/wp-content\\\/uploads\\\/2023\\\/04\\\/cropped-cropped-Logo-Blog-Barra-solar.png\",\"contentUrl\":\"https:\\\/\\\/barrasolar.eco.br\\\/blog\\\/wp-content\\\/uploads\\\/2023\\\/04\\\/cropped-cropped-Logo-Blog-Barra-solar.png\",\"width\":512,\"height\":512,\"caption\":\"Blog Barra Solar\"},\"image\":{\"@id\":\"https:\\\/\\\/barrasolar.eco.br\\\/blog\\\/#\\\/schema\\\/logo\\\/image\\\/\"},\"sameAs\":[\"https:\\\/\\\/www.facebook.com\\\/barrasolar\\\/\",\"https:\\\/\\\/x.com\\\/barra_solar\",\"https:\\\/\\\/www.instagram.com\\\/barrasolar.eco.br\"]},{\"@type\":\"Person\",\"@id\":\"https:\\\/\\\/barrasolar.eco.br\\\/blog\\\/#\\\/schema\\\/person\\\/c5b2f76dbee7d7bab393d8f3ef9d0597\",\"name\":\"Jair Roubert\",\"image\":{\"@type\":\"ImageObject\",\"inLanguage\":\"pt-PT\",\"@id\":\"https:\\\/\\\/barrasolar.eco.br\\\/blog\\\/wp-content\\\/litespeed\\\/avatar\\\/0368aa1ce1c696454061609c6ad3660e.jpg?ver=1777208918\",\"url\":\"https:\\\/\\\/barrasolar.eco.br\\\/blog\\\/wp-content\\\/litespeed\\\/avatar\\\/0368aa1ce1c696454061609c6ad3660e.jpg?ver=1777208918\",\"contentUrl\":\"https:\\\/\\\/barrasolar.eco.br\\\/blog\\\/wp-content\\\/litespeed\\\/avatar\\\/0368aa1ce1c696454061609c6ad3660e.jpg?ver=1777208918\",\"caption\":\"Jair Roubert\"},\"sameAs\":[\"http:\\\/\\\/www.barrasolar.eco.br\\\/blog\\\/\"]}]}<\/script>\n<!-- \/ Yoast SEO plugin. -->","yoast_head_json":{"title":"Guerra Ir\u00e3 Israel: Impacto Solar","description":"Entenda como o conflito entre Ir\u00e3, Israel e EUA afeta o mercado de energia solar no Brasil e no mundo. impacto solar da guerra.","robots":{"index":"index","follow":"follow","max-snippet":"max-snippet:-1","max-image-preview":"max-image-preview:large","max-video-preview":"max-video-preview:-1"},"canonical":"https:\/\/barrasolar.eco.br\/blog\/impacto-solar-da-guerra-entenda-as-consequencias-para-o-setor\/","og_locale":"pt_PT","og_type":"article","og_title":"Guerra Ir\u00e3 Israel: Impacto Solar","og_description":"Entenda como o conflito entre Ir\u00e3, Israel e EUA afeta o mercado de energia solar no Brasil e no mundo. impacto solar da guerra.","og_url":"https:\/\/barrasolar.eco.br\/blog\/impacto-solar-da-guerra-entenda-as-consequencias-para-o-setor\/","og_site_name":"Blog Barra Solar: Intelig\u00eancia Energ\u00e9tica e Economia Real","article_publisher":"https:\/\/www.facebook.com\/barrasolar\/","article_published_time":"2026-04-14T17:45:19+00:00","article_modified_time":"2026-04-20T22:24:03+00:00","og_image":[{"width":700,"height":467,"url":"https:\/\/barrasolar.eco.br\/blog\/wp-content\/uploads\/2026\/04\/Energia-solar-conflito-global-e1776188661767.webp","type":"image\/webp"}],"author":"Jair Roubert","twitter_card":"summary_large_image","twitter_creator":"@barra_solar","twitter_site":"@barra_solar","twitter_misc":{"Escrito por":"Jair Roubert","Tempo estimado de leitura":"5 minutos"},"schema":{"@context":"https:\/\/schema.org","@graph":[{"@type":"Article","@id":"https:\/\/barrasolar.eco.br\/blog\/impacto-solar-da-guerra-entenda-as-consequencias-para-o-setor\/#article","isPartOf":{"@id":"https:\/\/barrasolar.eco.br\/blog\/impacto-solar-da-guerra-entenda-as-consequencias-para-o-setor\/"},"author":{"name":"Jair Roubert","@id":"https:\/\/barrasolar.eco.br\/blog\/#\/schema\/person\/c5b2f76dbee7d7bab393d8f3ef9d0597"},"headline":"Impacto Solar da Guerra: Entenda as Consequ\u00eancias para o Setor","datePublished":"2026-04-14T17:45:19+00:00","dateModified":"2026-04-20T22:24:03+00:00","mainEntityOfPage":{"@id":"https:\/\/barrasolar.eco.br\/blog\/impacto-solar-da-guerra-entenda-as-consequencias-para-o-setor\/"},"wordCount":848,"commentCount":0,"publisher":{"@id":"https:\/\/barrasolar.eco.br\/blog\/#organization"},"image":{"@id":"https:\/\/barrasolar.eco.br\/blog\/impacto-solar-da-guerra-entenda-as-consequencias-para-o-setor\/#primaryimage"},"thumbnailUrl":"https:\/\/barrasolar.eco.br\/blog\/wp-content\/uploads\/2026\/04\/Energia-solar-conflito-global-e1776188661767.webp","keywords":["investimento"],"articleSection":["Energia solar"],"inLanguage":"pt-PT","potentialAction":[{"@type":"CommentAction","name":"Comment","target":["https:\/\/barrasolar.eco.br\/blog\/impacto-solar-da-guerra-entenda-as-consequencias-para-o-setor\/#respond"]}]},{"@type":"WebPage","@id":"https:\/\/barrasolar.eco.br\/blog\/impacto-solar-da-guerra-entenda-as-consequencias-para-o-setor\/","url":"https:\/\/barrasolar.eco.br\/blog\/impacto-solar-da-guerra-entenda-as-consequencias-para-o-setor\/","name":"Guerra Ir\u00e3 Israel: Impacto Solar","isPartOf":{"@id":"https:\/\/barrasolar.eco.br\/blog\/#website"},"primaryImageOfPage":{"@id":"https:\/\/barrasolar.eco.br\/blog\/impacto-solar-da-guerra-entenda-as-consequencias-para-o-setor\/#primaryimage"},"image":{"@id":"https:\/\/barrasolar.eco.br\/blog\/impacto-solar-da-guerra-entenda-as-consequencias-para-o-setor\/#primaryimage"},"thumbnailUrl":"https:\/\/barrasolar.eco.br\/blog\/wp-content\/uploads\/2026\/04\/Energia-solar-conflito-global-e1776188661767.webp","datePublished":"2026-04-14T17:45:19+00:00","dateModified":"2026-04-20T22:24:03+00:00","description":"Entenda como o conflito entre Ir\u00e3, Israel e EUA afeta o mercado de energia solar no Brasil e no mundo. impacto solar da guerra.","breadcrumb":{"@id":"https:\/\/barrasolar.eco.br\/blog\/impacto-solar-da-guerra-entenda-as-consequencias-para-o-setor\/#breadcrumb"},"inLanguage":"pt-PT","potentialAction":[{"@type":"ReadAction","target":["https:\/\/barrasolar.eco.br\/blog\/impacto-solar-da-guerra-entenda-as-consequencias-para-o-setor\/"]}]},{"@type":"ImageObject","inLanguage":"pt-PT","@id":"https:\/\/barrasolar.eco.br\/blog\/impacto-solar-da-guerra-entenda-as-consequencias-para-o-setor\/#primaryimage","url":"https:\/\/barrasolar.eco.br\/blog\/wp-content\/uploads\/2026\/04\/Energia-solar-conflito-global-e1776188661767.webp","contentUrl":"https:\/\/barrasolar.eco.br\/blog\/wp-content\/uploads\/2026\/04\/Energia-solar-conflito-global-e1776188661767.webp","width":700,"height":467,"caption":"Energia solar e o conflito global"},{"@type":"BreadcrumbList","@id":"https:\/\/barrasolar.eco.br\/blog\/impacto-solar-da-guerra-entenda-as-consequencias-para-o-setor\/#breadcrumb","itemListElement":[{"@type":"ListItem","position":1,"name":"In\u00edcio","item":"https:\/\/barrasolar.eco.br\/blog\/"},{"@type":"ListItem","position":2,"name":"Impacto Solar da Guerra: Entenda as Consequ\u00eancias para o Setor"}]},{"@type":"WebSite","@id":"https:\/\/barrasolar.eco.br\/blog\/#website","url":"https:\/\/barrasolar.eco.br\/blog\/","name":"Blog Barra Solar","description":"O seu guia definitivo sobre energia fotovoltaica, manuten\u00e7\u00e3o de usinas e as inova\u00e7\u00f5es tecnol\u00f3gicas que protegem o seu bolso e garantem sua independ\u00eancia el\u00e9trica.","publisher":{"@id":"https:\/\/barrasolar.eco.br\/blog\/#organization"},"alternateName":"Blog Barra Solar","potentialAction":[{"@type":"SearchAction","target":{"@type":"EntryPoint","urlTemplate":"https:\/\/barrasolar.eco.br\/blog\/?s={search_term_string}"},"query-input":{"@type":"PropertyValueSpecification","valueRequired":true,"valueName":"search_term_string"}}],"inLanguage":"pt-PT"},{"@type":"Organization","@id":"https:\/\/barrasolar.eco.br\/blog\/#organization","name":"Blog Barra Solar","url":"https:\/\/barrasolar.eco.br\/blog\/","logo":{"@type":"ImageObject","inLanguage":"pt-PT","@id":"https:\/\/barrasolar.eco.br\/blog\/#\/schema\/logo\/image\/","url":"https:\/\/barrasolar.eco.br\/blog\/wp-content\/uploads\/2023\/04\/cropped-cropped-Logo-Blog-Barra-solar.png","contentUrl":"https:\/\/barrasolar.eco.br\/blog\/wp-content\/uploads\/2023\/04\/cropped-cropped-Logo-Blog-Barra-solar.png","width":512,"height":512,"caption":"Blog Barra Solar"},"image":{"@id":"https:\/\/barrasolar.eco.br\/blog\/#\/schema\/logo\/image\/"},"sameAs":["https:\/\/www.facebook.com\/barrasolar\/","https:\/\/x.com\/barra_solar","https:\/\/www.instagram.com\/barrasolar.eco.br"]},{"@type":"Person","@id":"https:\/\/barrasolar.eco.br\/blog\/#\/schema\/person\/c5b2f76dbee7d7bab393d8f3ef9d0597","name":"Jair Roubert","image":{"@type":"ImageObject","inLanguage":"pt-PT","@id":"https:\/\/barrasolar.eco.br\/blog\/wp-content\/litespeed\/avatar\/0368aa1ce1c696454061609c6ad3660e.jpg?ver=1777208918","url":"https:\/\/barrasolar.eco.br\/blog\/wp-content\/litespeed\/avatar\/0368aa1ce1c696454061609c6ad3660e.jpg?ver=1777208918","contentUrl":"https:\/\/barrasolar.eco.br\/blog\/wp-content\/litespeed\/avatar\/0368aa1ce1c696454061609c6ad3660e.jpg?ver=1777208918","caption":"Jair Roubert"},"sameAs":["http:\/\/www.barrasolar.eco.br\/blog\/"]}]}},"_links":{"self":[{"href":"https:\/\/barrasolar.eco.br\/blog\/wp-json\/wp\/v2\/posts\/5544","targetHints":{"allow":["GET"]}}],"collection":[{"href":"https:\/\/barrasolar.eco.br\/blog\/wp-json\/wp\/v2\/posts"}],"about":[{"href":"https:\/\/barrasolar.eco.br\/blog\/wp-json\/wp\/v2\/types\/post"}],"author":[{"embeddable":true,"href":"https:\/\/barrasolar.eco.br\/blog\/wp-json\/wp\/v2\/users\/2"}],"replies":[{"embeddable":true,"href":"https:\/\/barrasolar.eco.br\/blog\/wp-json\/wp\/v2\/comments?post=5544"}],"version-history":[{"count":15,"href":"https:\/\/barrasolar.eco.br\/blog\/wp-json\/wp\/v2\/posts\/5544\/revisions"}],"predecessor-version":[{"id":5710,"href":"https:\/\/barrasolar.eco.br\/blog\/wp-json\/wp\/v2\/posts\/5544\/revisions\/5710"}],"wp:featuredmedia":[{"embeddable":true,"href":"https:\/\/barrasolar.eco.br\/blog\/wp-json\/wp\/v2\/media\/5545"}],"wp:attachment":[{"href":"https:\/\/barrasolar.eco.br\/blog\/wp-json\/wp\/v2\/media?parent=5544"}],"wp:term":[{"taxonomy":"category","embeddable":true,"href":"https:\/\/barrasolar.eco.br\/blog\/wp-json\/wp\/v2\/categories?post=5544"},{"taxonomy":"post_tag","embeddable":true,"href":"https:\/\/barrasolar.eco.br\/blog\/wp-json\/wp\/v2\/tags?post=5544"}],"curies":[{"name":"wp","href":"https:\/\/api.w.org\/{rel}","templated":true}]}}