{"id":5264,"date":"2026-04-07T12:27:01","date_gmt":"2026-04-07T15:27:01","guid":{"rendered":"https:\/\/barrasolar.eco.br\/blog\/?p=5264"},"modified":"2026-04-09T16:47:00","modified_gmt":"2026-04-09T19:47:00","slug":"decisao-stf-icms-energia-solar-2027","status":"publish","type":"post","link":"https:\/\/barrasolar.eco.br\/blog\/decisao-stf-icms-energia-solar-2027\/","title":{"rendered":"Decis\u00e3o do STF sobre ICMS na Energia Solar: O Que Muda?"},"content":{"rendered":"\t\t<div data-elementor-type=\"wp-post\" data-elementor-id=\"5264\" class=\"elementor elementor-5264\" data-elementor-settings=\"{&quot;ha_cmc_init_switcher&quot;:&quot;no&quot;}\" data-elementor-post-type=\"post\">\n\t\t\t\t<div class=\"elementor-element elementor-element-598dfc3d e-flex e-con-boxed wpr-particle-no wpr-jarallax-no wpr-parallax-no wpr-sticky-section-no wpr-equal-height-no e-con e-parent\" data-id=\"598dfc3d\" data-element_type=\"container\" data-e-type=\"container\" data-settings=\"{&quot;_ha_eqh_enable&quot;:false}\">\n\t\t\t\t\t<div class=\"e-con-inner\">\n\t\t\t\t<div class=\"elementor-element elementor-element-2ad7341b elementor-widget elementor-widget-text-editor\" data-id=\"2ad7341b\" data-element_type=\"widget\" data-e-type=\"widget\" data-widget_type=\"text-editor.default\">\n\t\t\t\t<div class=\"elementor-widget-container\">\n\t\t\t\t\t\t\t\t\t\n<p>\u00a0<\/p>\n\n<p>Este \u00e9 um momento crucial para o setor fotovoltaico. As recentes atualiza\u00e7\u00f5es do Supremo Tribunal Federal trazem um novo horizonte de previsibilidade para quem investe em gera\u00e7\u00e3o pr\u00f3pria. Confira abaixo o artigo atualizado com as diretrizes jur\u00eddicas vigentes em 2026.<\/p>\n\n<p>\u00a0<\/p>\n\n<h5 class=\"wp-block-heading\">O Impacto da Decis\u00e3o do STF no Setor El\u00e9trico<\/h5>\n\n<p>O cen\u00e1rio jur\u00eddico brasileiro para as energias renov\u00e1veis alcan\u00e7ou um marco hist\u00f3rico recentemente. A discuss\u00e3o central no Supremo Tribunal Federal focou na legalidade da cobran\u00e7a de <strong>ICMS na Energia Solar<\/strong> que o consumidor injeta na rede el\u00e9trica. Em decis\u00f5es consolidadas at\u00e9 o in\u00edcio de 2026, o entendimento dos ministros \u00e9 claro: o excedente de energia gerado por sua usina e enviado para a rede n\u00e3o configura &#8220;circula\u00e7\u00e3o de mercadoria&#8221;. Portanto, o tribunal entende que essa compensa\u00e7\u00e3o f\u00edsica n\u00e3o deve sofrer tributa\u00e7\u00e3o comercial, pois voc\u00ea est\u00e1 apenas utilizando a rede como um sistema de armazenamento.<\/p>\n\n<p>Certamente, essa not\u00edcia traz al\u00edvio para milhares de propriet\u00e1rios de sistemas fotovoltaicos. De acordo com a Lei Complementar 194\/2022, a energia el\u00e9trica agora \u00e9 classificada como um bem essencial. Por consequ\u00eancia, os estados brasileiros est\u00e3o proibidos de aplicar al\u00edquotas elevadas, devendo respeitar o teto geral. Atualmente, o STF tamb\u00e9m tem afastado a incid\u00eancia do imposto sobre a Tarifa de Uso do Sistema de Distribui\u00e7\u00e3o (TUSD), protegendo o investidor de cobran\u00e7as sobre a infraestrutura de transporte da energia.<\/p>\n\n<h5 class=\"wp-block-heading\">\u00a0<\/h5>\n<h5 class=\"wp-block-heading\">Como a cobran\u00e7a de ICMS na Energia Solar afeta o ROI?<\/h5>\n\n<p>Apesar do avan\u00e7o jur\u00eddico, o empres\u00e1rio precisa estar atento aos prazos de transi\u00e7\u00e3o. Em mar\u00e7o de 2026, o STF confirmou, por unanimidade, a modula\u00e7\u00e3o dos efeitos desta decis\u00e3o. Isso significa que, embora a cobran\u00e7a adicional seja considerada inv\u00e1lida, os estados ainda possuem permiss\u00e3o para manter as al\u00edquotas atuais e fundos de combate \u00e0 pobreza at\u00e9 o \u00faltimo dia de 2026. Portanto, a isen\u00e7\u00e3o consolidada e o impacto total positivo no seu faturamento ocorrer\u00e3o a partir de <strong>1\u00ba de janeiro de 2027<\/strong>.<\/p>\n\n<p>Al\u00e9m disso, \u00e9 importante notar que o cen\u00e1rio varia conforme as disputas estaduais espec\u00edficas. Enquanto alguns estados tentam manter a arrecada\u00e7\u00e3o sobre o uso da infraestrutura, a tend\u00eancia nacional \u00e9 de desonera\u00e7\u00e3o total da energia injetada. Para quem planeja investir agora, entender o peso do <strong>ICMS na Energia Solar<\/strong> \u00e9 vital para calcular o retorno sobre o investimento de forma realista. \u00c9 recomend\u00e1vel acompanhar as normas t\u00e9cnicas da <a href=\"https:\/\/www.gov.br\/aneel\/pt-br\" target=\"_blank\" rel=\"noreferrer noopener\">ANEEL<\/a> para alinhar a engenharia do projeto com os benef\u00edcios fiscais vigentes.<\/p>\n\n<h5 class=\"wp-block-heading\">\u00a0<\/h5>\n<h5 class=\"wp-block-heading\">Conclus\u00e3o e Pr\u00f3ximos Passos<\/h5>\n\n<p>Em suma, o caminho est\u00e1 pavimentado para uma economia ainda maior a partir de 2027. A decis\u00e3o do STF remove a inseguran\u00e7a jur\u00eddica e confirma que produzir sua pr\u00f3pria energia \u00e9 um direito protegido contra tributa\u00e7\u00f5es abusivas. Com a redu\u00e7\u00e3o da carga tribut\u00e1ria, o <em>payback<\/em> dos sistemas solares se tornar\u00e1 ainda mais atrativo nos pr\u00f3ximos meses.<\/p>\n<p>\u00a0<\/p>\n\n<p>Se voc\u00ea busca seguran\u00e7a t\u00e9cnica e jur\u00eddica para o seu projeto em Barra do Pira\u00ed e regi\u00e3o, conte com a expertise da <strong>Barra Solar<\/strong>. N\u00f3s monitoramos as legisla\u00e7\u00f5es para garantir que sua usina empresarial ou residencial opere com o m\u00e1ximo de efici\u00eancia e dentro de todas as isen\u00e7\u00f5es legais.<\/p>\n<p>Visite-nos na <strong>Rua Jos\u00e9 Alves Pimenta, 855 \u2013 Matadouro, Barra do Pira\u00ed \u2013 RJ<\/strong> ou entre em contato pelo <strong>Telefone \/ WhatsApp: (24) 99228-0860<\/strong>. O sol de hoje \u00e9 o lucro de amanh\u00e3.<\/p>\n\t\t\t\t\t\t\t\t<\/div>\n\t\t\t\t<\/div>\n\t\t\t\t\t<\/div>\n\t\t\t\t<\/div>\n\t\t\t\t<\/div>\n\t\t","protected":false},"excerpt":{"rendered":"<p>\u00a0 Este \u00e9 um momento crucial para o setor fotovoltaico. As recentes atualiza\u00e7\u00f5es do Supremo Tribunal Federal trazem um novo horizonte de previsibilidade para quem investe em gera\u00e7\u00e3o pr\u00f3pria. Confira abaixo o artigo atualizado com as diretrizes jur\u00eddicas vigentes em 2026. \u00a0 O Impacto da Decis\u00e3o do STF no Setor El\u00e9trico O cen\u00e1rio jur\u00eddico brasileiro para as energias renov\u00e1veis alcan\u00e7ou um marco hist\u00f3rico recentemente. A discuss\u00e3o central no Supremo Tribunal Federal focou na legalidade da cobran\u00e7a de ICMS na Energia Solar que o consumidor injeta na rede el\u00e9trica. Em decis\u00f5es consolidadas at\u00e9 o in\u00edcio de 2026, o entendimento dos ministros \u00e9 claro: o excedente de energia gerado por sua usina e enviado para a rede n\u00e3o configura &#8220;circula\u00e7\u00e3o de mercadoria&#8221;. Portanto, o tribunal entende que essa compensa\u00e7\u00e3o f\u00edsica n\u00e3o deve sofrer tributa\u00e7\u00e3o comercial, pois voc\u00ea est\u00e1 apenas utilizando a rede como um sistema de armazenamento. Certamente, essa not\u00edcia traz al\u00edvio para milhares de propriet\u00e1rios de sistemas fotovoltaicos. De acordo com a Lei Complementar 194\/2022, a energia el\u00e9trica agora \u00e9 classificada como um bem essencial. Por consequ\u00eancia, os estados brasileiros est\u00e3o proibidos de aplicar al\u00edquotas elevadas, devendo respeitar o teto geral. Atualmente, o STF tamb\u00e9m tem afastado a incid\u00eancia do imposto sobre a Tarifa de Uso do Sistema de Distribui\u00e7\u00e3o (TUSD), protegendo o investidor de cobran\u00e7as sobre a infraestrutura de transporte da energia. \u00a0 Como a cobran\u00e7a de ICMS na Energia Solar afeta o ROI? Apesar do avan\u00e7o jur\u00eddico, o empres\u00e1rio precisa estar atento aos prazos de transi\u00e7\u00e3o. Em mar\u00e7o de 2026, o STF confirmou, por unanimidade, a modula\u00e7\u00e3o dos efeitos desta decis\u00e3o. Isso significa que, embora a cobran\u00e7a adicional seja considerada inv\u00e1lida, os estados ainda possuem permiss\u00e3o para manter as al\u00edquotas atuais e fundos de combate \u00e0 pobreza at\u00e9 o \u00faltimo dia de 2026. Portanto, a isen\u00e7\u00e3o consolidada e o impacto total positivo no seu faturamento ocorrer\u00e3o a partir de 1\u00ba de janeiro de 2027. Al\u00e9m disso, \u00e9 importante notar que o cen\u00e1rio varia conforme as disputas estaduais espec\u00edficas. Enquanto alguns estados tentam manter a arrecada\u00e7\u00e3o sobre o uso da infraestrutura, a tend\u00eancia nacional \u00e9 de desonera\u00e7\u00e3o total da energia injetada. Para quem planeja investir agora, entender o peso do ICMS na Energia Solar \u00e9 vital para calcular o retorno sobre o investimento de forma realista. \u00c9 recomend\u00e1vel acompanhar as normas t\u00e9cnicas da ANEEL para alinhar a engenharia do projeto com os benef\u00edcios fiscais vigentes. \u00a0 Conclus\u00e3o e Pr\u00f3ximos Passos Em suma, o caminho est\u00e1 pavimentado para uma economia ainda maior a partir de 2027. A decis\u00e3o do STF remove a inseguran\u00e7a jur\u00eddica e confirma que produzir sua pr\u00f3pria energia \u00e9 um direito protegido contra tributa\u00e7\u00f5es abusivas. Com a redu\u00e7\u00e3o da carga tribut\u00e1ria, o payback dos sistemas solares se tornar\u00e1 ainda mais atrativo nos pr\u00f3ximos meses. \u00a0 Se voc\u00ea busca seguran\u00e7a t\u00e9cnica e jur\u00eddica para o seu projeto em Barra do Pira\u00ed e regi\u00e3o, conte com a expertise da Barra Solar. N\u00f3s monitoramos as legisla\u00e7\u00f5es para garantir que sua usina empresarial ou residencial opere com o m\u00e1ximo de efici\u00eancia e dentro de todas as isen\u00e7\u00f5es legais. Visite-nos na Rua Jos\u00e9 Alves Pimenta, 855 \u2013 Matadouro, Barra do Pira\u00ed \u2013 RJ ou entre em contato pelo Telefone \/ WhatsApp: (24) 99228-0860. O sol de hoje \u00e9 o lucro de amanh\u00e3.<\/p>\n","protected":false},"author":2,"featured_media":5265,"comment_status":"open","ping_status":"open","sticky":false,"template":"","format":"standard","meta":{"footnotes":""},"categories":[143,26],"tags":[34],"class_list":["post-5264","post","type-post","status-publish","format-standard","has-post-thumbnail","hentry","category-comercial","category-investimento","tag-investimento"],"yoast_head":"<!-- This site is optimized with the Yoast SEO plugin v27.4 - https:\/\/yoast.com\/product\/yoast-seo-wordpress\/ -->\n<title>Decis\u00e3o do STF sobre ICMS na Energia Solar: O Que Muda?<\/title>\n<meta name=\"description\" content=\"Entenda a decis\u00e3o do STF sobre a cobran\u00e7a de ICMS na Energia Solar e a isen\u00e7\u00e3o confirmada para 2027. Saiba como isso impacta sua usina de GD.\" \/>\n<meta name=\"robots\" content=\"index, follow, max-snippet:-1, max-image-preview:large, max-video-preview:-1\" \/>\n<link rel=\"canonical\" href=\"https:\/\/barrasolar.eco.br\/blog\/decisao-stf-icms-energia-solar-2027\/\" \/>\n<meta property=\"og:locale\" content=\"pt_PT\" \/>\n<meta property=\"og:type\" content=\"article\" \/>\n<meta property=\"og:title\" content=\"Decis\u00e3o do STF sobre ICMS na Energia Solar: O Que Muda?\" \/>\n<meta property=\"og:description\" content=\"Entenda a decis\u00e3o do STF sobre a cobran\u00e7a de ICMS na Energia Solar e a isen\u00e7\u00e3o confirmada para 2027. Saiba como isso impacta sua usina de GD.\" \/>\n<meta property=\"og:url\" content=\"https:\/\/barrasolar.eco.br\/blog\/decisao-stf-icms-energia-solar-2027\/\" \/>\n<meta property=\"og:site_name\" content=\"Blog Barra Solar: Intelig\u00eancia Energ\u00e9tica e Economia Real\" \/>\n<meta property=\"article:publisher\" content=\"https:\/\/www.facebook.com\/barrasolar\/\" \/>\n<meta property=\"article:published_time\" content=\"2026-04-07T15:27:01+00:00\" \/>\n<meta property=\"article:modified_time\" content=\"2026-04-09T19:47:00+00:00\" \/>\n<meta property=\"og:image\" content=\"https:\/\/barrasolar.eco.br\/blog\/wp-content\/uploads\/2026\/04\/STF-e1775575558933.webp\" \/>\n\t<meta property=\"og:image:width\" content=\"800\" \/>\n\t<meta property=\"og:image:height\" content=\"436\" \/>\n\t<meta property=\"og:image:type\" content=\"image\/webp\" \/>\n<meta name=\"author\" content=\"Jair Roubert\" \/>\n<meta name=\"twitter:card\" content=\"summary_large_image\" \/>\n<meta name=\"twitter:creator\" content=\"@barra_solar\" \/>\n<meta name=\"twitter:site\" content=\"@barra_solar\" \/>\n<meta name=\"twitter:label1\" content=\"Escrito por\" \/>\n\t<meta name=\"twitter:data1\" content=\"Jair Roubert\" \/>\n\t<meta name=\"twitter:label2\" content=\"Tempo estimado de leitura\" \/>\n\t<meta name=\"twitter:data2\" content=\"4 minutos\" \/>\n<script type=\"application\/ld+json\" class=\"yoast-schema-graph\">{\"@context\":\"https:\\\/\\\/schema.org\",\"@graph\":[{\"@type\":\"Article\",\"@id\":\"https:\\\/\\\/barrasolar.eco.br\\\/blog\\\/decisao-stf-icms-energia-solar-2027\\\/#article\",\"isPartOf\":{\"@id\":\"https:\\\/\\\/barrasolar.eco.br\\\/blog\\\/decisao-stf-icms-energia-solar-2027\\\/\"},\"author\":{\"name\":\"Jair Roubert\",\"@id\":\"https:\\\/\\\/barrasolar.eco.br\\\/blog\\\/#\\\/schema\\\/person\\\/c5b2f76dbee7d7bab393d8f3ef9d0597\"},\"headline\":\"Decis\u00e3o do STF sobre ICMS na Energia Solar: O Que Muda?\",\"datePublished\":\"2026-04-07T15:27:01+00:00\",\"dateModified\":\"2026-04-09T19:47:00+00:00\",\"mainEntityOfPage\":{\"@id\":\"https:\\\/\\\/barrasolar.eco.br\\\/blog\\\/decisao-stf-icms-energia-solar-2027\\\/\"},\"wordCount\":598,\"commentCount\":0,\"publisher\":{\"@id\":\"https:\\\/\\\/barrasolar.eco.br\\\/blog\\\/#organization\"},\"image\":{\"@id\":\"https:\\\/\\\/barrasolar.eco.br\\\/blog\\\/decisao-stf-icms-energia-solar-2027\\\/#primaryimage\"},\"thumbnailUrl\":\"https:\\\/\\\/barrasolar.eco.br\\\/blog\\\/wp-content\\\/uploads\\\/2026\\\/04\\\/STF-e1775575558933.webp\",\"keywords\":[\"investimento\"],\"articleSection\":[\"Comercial\",\"Investimento\"],\"inLanguage\":\"pt-PT\",\"potentialAction\":[{\"@type\":\"CommentAction\",\"name\":\"Comment\",\"target\":[\"https:\\\/\\\/barrasolar.eco.br\\\/blog\\\/decisao-stf-icms-energia-solar-2027\\\/#respond\"]}]},{\"@type\":\"WebPage\",\"@id\":\"https:\\\/\\\/barrasolar.eco.br\\\/blog\\\/decisao-stf-icms-energia-solar-2027\\\/\",\"url\":\"https:\\\/\\\/barrasolar.eco.br\\\/blog\\\/decisao-stf-icms-energia-solar-2027\\\/\",\"name\":\"Decis\u00e3o do STF sobre ICMS na Energia Solar: O Que Muda?\",\"isPartOf\":{\"@id\":\"https:\\\/\\\/barrasolar.eco.br\\\/blog\\\/#website\"},\"primaryImageOfPage\":{\"@id\":\"https:\\\/\\\/barrasolar.eco.br\\\/blog\\\/decisao-stf-icms-energia-solar-2027\\\/#primaryimage\"},\"image\":{\"@id\":\"https:\\\/\\\/barrasolar.eco.br\\\/blog\\\/decisao-stf-icms-energia-solar-2027\\\/#primaryimage\"},\"thumbnailUrl\":\"https:\\\/\\\/barrasolar.eco.br\\\/blog\\\/wp-content\\\/uploads\\\/2026\\\/04\\\/STF-e1775575558933.webp\",\"datePublished\":\"2026-04-07T15:27:01+00:00\",\"dateModified\":\"2026-04-09T19:47:00+00:00\",\"description\":\"Entenda a decis\u00e3o do STF sobre a cobran\u00e7a de ICMS na Energia Solar e a isen\u00e7\u00e3o confirmada para 2027. Saiba como isso impacta sua usina de GD.\",\"breadcrumb\":{\"@id\":\"https:\\\/\\\/barrasolar.eco.br\\\/blog\\\/decisao-stf-icms-energia-solar-2027\\\/#breadcrumb\"},\"inLanguage\":\"pt-PT\",\"potentialAction\":[{\"@type\":\"ReadAction\",\"target\":[\"https:\\\/\\\/barrasolar.eco.br\\\/blog\\\/decisao-stf-icms-energia-solar-2027\\\/\"]}]},{\"@type\":\"ImageObject\",\"inLanguage\":\"pt-PT\",\"@id\":\"https:\\\/\\\/barrasolar.eco.br\\\/blog\\\/decisao-stf-icms-energia-solar-2027\\\/#primaryimage\",\"url\":\"https:\\\/\\\/barrasolar.eco.br\\\/blog\\\/wp-content\\\/uploads\\\/2026\\\/04\\\/STF-e1775575558933.webp\",\"contentUrl\":\"https:\\\/\\\/barrasolar.eco.br\\\/blog\\\/wp-content\\\/uploads\\\/2026\\\/04\\\/STF-e1775575558933.webp\",\"width\":800,\"height\":436},{\"@type\":\"BreadcrumbList\",\"@id\":\"https:\\\/\\\/barrasolar.eco.br\\\/blog\\\/decisao-stf-icms-energia-solar-2027\\\/#breadcrumb\",\"itemListElement\":[{\"@type\":\"ListItem\",\"position\":1,\"name\":\"In\u00edcio\",\"item\":\"https:\\\/\\\/barrasolar.eco.br\\\/blog\\\/\"},{\"@type\":\"ListItem\",\"position\":2,\"name\":\"Decis\u00e3o do STF sobre ICMS na Energia Solar: O Que Muda?\"}]},{\"@type\":\"WebSite\",\"@id\":\"https:\\\/\\\/barrasolar.eco.br\\\/blog\\\/#website\",\"url\":\"https:\\\/\\\/barrasolar.eco.br\\\/blog\\\/\",\"name\":\"Blog Barra Solar\",\"description\":\"O seu guia definitivo sobre energia fotovoltaica, manuten\u00e7\u00e3o de usinas e as inova\u00e7\u00f5es tecnol\u00f3gicas que protegem o seu bolso e garantem sua independ\u00eancia el\u00e9trica.\",\"publisher\":{\"@id\":\"https:\\\/\\\/barrasolar.eco.br\\\/blog\\\/#organization\"},\"alternateName\":\"Blog Barra Solar\",\"potentialAction\":[{\"@type\":\"SearchAction\",\"target\":{\"@type\":\"EntryPoint\",\"urlTemplate\":\"https:\\\/\\\/barrasolar.eco.br\\\/blog\\\/?s={search_term_string}\"},\"query-input\":{\"@type\":\"PropertyValueSpecification\",\"valueRequired\":true,\"valueName\":\"search_term_string\"}}],\"inLanguage\":\"pt-PT\"},{\"@type\":\"Organization\",\"@id\":\"https:\\\/\\\/barrasolar.eco.br\\\/blog\\\/#organization\",\"name\":\"Blog Barra Solar\",\"url\":\"https:\\\/\\\/barrasolar.eco.br\\\/blog\\\/\",\"logo\":{\"@type\":\"ImageObject\",\"inLanguage\":\"pt-PT\",\"@id\":\"https:\\\/\\\/barrasolar.eco.br\\\/blog\\\/#\\\/schema\\\/logo\\\/image\\\/\",\"url\":\"https:\\\/\\\/barrasolar.eco.br\\\/blog\\\/wp-content\\\/uploads\\\/2023\\\/04\\\/cropped-cropped-Logo-Blog-Barra-solar.png\",\"contentUrl\":\"https:\\\/\\\/barrasolar.eco.br\\\/blog\\\/wp-content\\\/uploads\\\/2023\\\/04\\\/cropped-cropped-Logo-Blog-Barra-solar.png\",\"width\":512,\"height\":512,\"caption\":\"Blog Barra Solar\"},\"image\":{\"@id\":\"https:\\\/\\\/barrasolar.eco.br\\\/blog\\\/#\\\/schema\\\/logo\\\/image\\\/\"},\"sameAs\":[\"https:\\\/\\\/www.facebook.com\\\/barrasolar\\\/\",\"https:\\\/\\\/x.com\\\/barra_solar\",\"https:\\\/\\\/www.instagram.com\\\/barrasolar.eco.br\"]},{\"@type\":\"Person\",\"@id\":\"https:\\\/\\\/barrasolar.eco.br\\\/blog\\\/#\\\/schema\\\/person\\\/c5b2f76dbee7d7bab393d8f3ef9d0597\",\"name\":\"Jair Roubert\",\"image\":{\"@type\":\"ImageObject\",\"inLanguage\":\"pt-PT\",\"@id\":\"https:\\\/\\\/barrasolar.eco.br\\\/blog\\\/wp-content\\\/litespeed\\\/avatar\\\/0368aa1ce1c696454061609c6ad3660e.jpg?ver=1777208918\",\"url\":\"https:\\\/\\\/barrasolar.eco.br\\\/blog\\\/wp-content\\\/litespeed\\\/avatar\\\/0368aa1ce1c696454061609c6ad3660e.jpg?ver=1777208918\",\"contentUrl\":\"https:\\\/\\\/barrasolar.eco.br\\\/blog\\\/wp-content\\\/litespeed\\\/avatar\\\/0368aa1ce1c696454061609c6ad3660e.jpg?ver=1777208918\",\"caption\":\"Jair Roubert\"},\"sameAs\":[\"http:\\\/\\\/www.barrasolar.eco.br\\\/blog\\\/\"]}]}<\/script>\n<!-- \/ Yoast SEO plugin. -->","yoast_head_json":{"title":"Decis\u00e3o do STF sobre ICMS na Energia Solar: O Que Muda?","description":"Entenda a decis\u00e3o do STF sobre a cobran\u00e7a de ICMS na Energia Solar e a isen\u00e7\u00e3o confirmada para 2027. Saiba como isso impacta sua usina de GD.","robots":{"index":"index","follow":"follow","max-snippet":"max-snippet:-1","max-image-preview":"max-image-preview:large","max-video-preview":"max-video-preview:-1"},"canonical":"https:\/\/barrasolar.eco.br\/blog\/decisao-stf-icms-energia-solar-2027\/","og_locale":"pt_PT","og_type":"article","og_title":"Decis\u00e3o do STF sobre ICMS na Energia Solar: O Que Muda?","og_description":"Entenda a decis\u00e3o do STF sobre a cobran\u00e7a de ICMS na Energia Solar e a isen\u00e7\u00e3o confirmada para 2027. Saiba como isso impacta sua usina de GD.","og_url":"https:\/\/barrasolar.eco.br\/blog\/decisao-stf-icms-energia-solar-2027\/","og_site_name":"Blog Barra Solar: Intelig\u00eancia Energ\u00e9tica e Economia Real","article_publisher":"https:\/\/www.facebook.com\/barrasolar\/","article_published_time":"2026-04-07T15:27:01+00:00","article_modified_time":"2026-04-09T19:47:00+00:00","og_image":[{"width":800,"height":436,"url":"https:\/\/barrasolar.eco.br\/blog\/wp-content\/uploads\/2026\/04\/STF-e1775575558933.webp","type":"image\/webp"}],"author":"Jair Roubert","twitter_card":"summary_large_image","twitter_creator":"@barra_solar","twitter_site":"@barra_solar","twitter_misc":{"Escrito por":"Jair Roubert","Tempo estimado de leitura":"4 minutos"},"schema":{"@context":"https:\/\/schema.org","@graph":[{"@type":"Article","@id":"https:\/\/barrasolar.eco.br\/blog\/decisao-stf-icms-energia-solar-2027\/#article","isPartOf":{"@id":"https:\/\/barrasolar.eco.br\/blog\/decisao-stf-icms-energia-solar-2027\/"},"author":{"name":"Jair Roubert","@id":"https:\/\/barrasolar.eco.br\/blog\/#\/schema\/person\/c5b2f76dbee7d7bab393d8f3ef9d0597"},"headline":"Decis\u00e3o do STF sobre ICMS na Energia Solar: O Que Muda?","datePublished":"2026-04-07T15:27:01+00:00","dateModified":"2026-04-09T19:47:00+00:00","mainEntityOfPage":{"@id":"https:\/\/barrasolar.eco.br\/blog\/decisao-stf-icms-energia-solar-2027\/"},"wordCount":598,"commentCount":0,"publisher":{"@id":"https:\/\/barrasolar.eco.br\/blog\/#organization"},"image":{"@id":"https:\/\/barrasolar.eco.br\/blog\/decisao-stf-icms-energia-solar-2027\/#primaryimage"},"thumbnailUrl":"https:\/\/barrasolar.eco.br\/blog\/wp-content\/uploads\/2026\/04\/STF-e1775575558933.webp","keywords":["investimento"],"articleSection":["Comercial","Investimento"],"inLanguage":"pt-PT","potentialAction":[{"@type":"CommentAction","name":"Comment","target":["https:\/\/barrasolar.eco.br\/blog\/decisao-stf-icms-energia-solar-2027\/#respond"]}]},{"@type":"WebPage","@id":"https:\/\/barrasolar.eco.br\/blog\/decisao-stf-icms-energia-solar-2027\/","url":"https:\/\/barrasolar.eco.br\/blog\/decisao-stf-icms-energia-solar-2027\/","name":"Decis\u00e3o do STF sobre ICMS na Energia Solar: O Que Muda?","isPartOf":{"@id":"https:\/\/barrasolar.eco.br\/blog\/#website"},"primaryImageOfPage":{"@id":"https:\/\/barrasolar.eco.br\/blog\/decisao-stf-icms-energia-solar-2027\/#primaryimage"},"image":{"@id":"https:\/\/barrasolar.eco.br\/blog\/decisao-stf-icms-energia-solar-2027\/#primaryimage"},"thumbnailUrl":"https:\/\/barrasolar.eco.br\/blog\/wp-content\/uploads\/2026\/04\/STF-e1775575558933.webp","datePublished":"2026-04-07T15:27:01+00:00","dateModified":"2026-04-09T19:47:00+00:00","description":"Entenda a decis\u00e3o do STF sobre a cobran\u00e7a de ICMS na Energia Solar e a isen\u00e7\u00e3o confirmada para 2027. Saiba como isso impacta sua usina de GD.","breadcrumb":{"@id":"https:\/\/barrasolar.eco.br\/blog\/decisao-stf-icms-energia-solar-2027\/#breadcrumb"},"inLanguage":"pt-PT","potentialAction":[{"@type":"ReadAction","target":["https:\/\/barrasolar.eco.br\/blog\/decisao-stf-icms-energia-solar-2027\/"]}]},{"@type":"ImageObject","inLanguage":"pt-PT","@id":"https:\/\/barrasolar.eco.br\/blog\/decisao-stf-icms-energia-solar-2027\/#primaryimage","url":"https:\/\/barrasolar.eco.br\/blog\/wp-content\/uploads\/2026\/04\/STF-e1775575558933.webp","contentUrl":"https:\/\/barrasolar.eco.br\/blog\/wp-content\/uploads\/2026\/04\/STF-e1775575558933.webp","width":800,"height":436},{"@type":"BreadcrumbList","@id":"https:\/\/barrasolar.eco.br\/blog\/decisao-stf-icms-energia-solar-2027\/#breadcrumb","itemListElement":[{"@type":"ListItem","position":1,"name":"In\u00edcio","item":"https:\/\/barrasolar.eco.br\/blog\/"},{"@type":"ListItem","position":2,"name":"Decis\u00e3o do STF sobre ICMS na Energia Solar: O Que Muda?"}]},{"@type":"WebSite","@id":"https:\/\/barrasolar.eco.br\/blog\/#website","url":"https:\/\/barrasolar.eco.br\/blog\/","name":"Blog Barra Solar","description":"O seu guia definitivo sobre energia fotovoltaica, manuten\u00e7\u00e3o de usinas e as inova\u00e7\u00f5es tecnol\u00f3gicas que protegem o seu bolso e garantem sua independ\u00eancia el\u00e9trica.","publisher":{"@id":"https:\/\/barrasolar.eco.br\/blog\/#organization"},"alternateName":"Blog Barra Solar","potentialAction":[{"@type":"SearchAction","target":{"@type":"EntryPoint","urlTemplate":"https:\/\/barrasolar.eco.br\/blog\/?s={search_term_string}"},"query-input":{"@type":"PropertyValueSpecification","valueRequired":true,"valueName":"search_term_string"}}],"inLanguage":"pt-PT"},{"@type":"Organization","@id":"https:\/\/barrasolar.eco.br\/blog\/#organization","name":"Blog Barra Solar","url":"https:\/\/barrasolar.eco.br\/blog\/","logo":{"@type":"ImageObject","inLanguage":"pt-PT","@id":"https:\/\/barrasolar.eco.br\/blog\/#\/schema\/logo\/image\/","url":"https:\/\/barrasolar.eco.br\/blog\/wp-content\/uploads\/2023\/04\/cropped-cropped-Logo-Blog-Barra-solar.png","contentUrl":"https:\/\/barrasolar.eco.br\/blog\/wp-content\/uploads\/2023\/04\/cropped-cropped-Logo-Blog-Barra-solar.png","width":512,"height":512,"caption":"Blog Barra Solar"},"image":{"@id":"https:\/\/barrasolar.eco.br\/blog\/#\/schema\/logo\/image\/"},"sameAs":["https:\/\/www.facebook.com\/barrasolar\/","https:\/\/x.com\/barra_solar","https:\/\/www.instagram.com\/barrasolar.eco.br"]},{"@type":"Person","@id":"https:\/\/barrasolar.eco.br\/blog\/#\/schema\/person\/c5b2f76dbee7d7bab393d8f3ef9d0597","name":"Jair Roubert","image":{"@type":"ImageObject","inLanguage":"pt-PT","@id":"https:\/\/barrasolar.eco.br\/blog\/wp-content\/litespeed\/avatar\/0368aa1ce1c696454061609c6ad3660e.jpg?ver=1777208918","url":"https:\/\/barrasolar.eco.br\/blog\/wp-content\/litespeed\/avatar\/0368aa1ce1c696454061609c6ad3660e.jpg?ver=1777208918","contentUrl":"https:\/\/barrasolar.eco.br\/blog\/wp-content\/litespeed\/avatar\/0368aa1ce1c696454061609c6ad3660e.jpg?ver=1777208918","caption":"Jair Roubert"},"sameAs":["http:\/\/www.barrasolar.eco.br\/blog\/"]}]}},"_links":{"self":[{"href":"https:\/\/barrasolar.eco.br\/blog\/wp-json\/wp\/v2\/posts\/5264","targetHints":{"allow":["GET"]}}],"collection":[{"href":"https:\/\/barrasolar.eco.br\/blog\/wp-json\/wp\/v2\/posts"}],"about":[{"href":"https:\/\/barrasolar.eco.br\/blog\/wp-json\/wp\/v2\/types\/post"}],"author":[{"embeddable":true,"href":"https:\/\/barrasolar.eco.br\/blog\/wp-json\/wp\/v2\/users\/2"}],"replies":[{"embeddable":true,"href":"https:\/\/barrasolar.eco.br\/blog\/wp-json\/wp\/v2\/comments?post=5264"}],"version-history":[{"count":0,"href":"https:\/\/barrasolar.eco.br\/blog\/wp-json\/wp\/v2\/posts\/5264\/revisions"}],"wp:featuredmedia":[{"embeddable":true,"href":"https:\/\/barrasolar.eco.br\/blog\/wp-json\/wp\/v2\/media\/5265"}],"wp:attachment":[{"href":"https:\/\/barrasolar.eco.br\/blog\/wp-json\/wp\/v2\/media?parent=5264"}],"wp:term":[{"taxonomy":"category","embeddable":true,"href":"https:\/\/barrasolar.eco.br\/blog\/wp-json\/wp\/v2\/categories?post=5264"},{"taxonomy":"post_tag","embeddable":true,"href":"https:\/\/barrasolar.eco.br\/blog\/wp-json\/wp\/v2\/tags?post=5264"}],"curies":[{"name":"wp","href":"https:\/\/api.w.org\/{rel}","templated":true}]}}